{"id":2294,"date":"2023-08-23T17:23:09","date_gmt":"2023-08-23T20:23:09","guid":{"rendered":"https:\/\/jupi.pe.leg.br\/v3\/?p=2294"},"modified":"2023-10-06T14:27:16","modified_gmt":"2023-10-06T17:27:16","slug":"colocando-jupi-em-primeiro-lugar-o-vereador-luiz-ricardo-dos-santos-souza-esta-em-acao-lutando-por-melhorias-que-fazem-toda-a-diferenca","status":"publish","type":"post","link":"https:\/\/jupi.pe.leg.br\/v3\/colocando-jupi-em-primeiro-lugar-o-vereador-luiz-ricardo-dos-santos-souza-esta-em-acao-lutando-por-melhorias-que-fazem-toda-a-diferenca\/","title":{"rendered":"Colocando Jupi em primeiro lugar! O Vereador Luiz Ricardo dos Santos Souza est\u00e1 em a\u00e7\u00e3o, lutando por melhorias que fazem toda a diferen\u00e7a."},"content":{"rendered":"<p>&#x1f4aa;&#x1f3d8;&#xfe0f; Colocando Jupi em primeiro lugar! O Vereador Luiz Ricardo dos Santos Souza est\u00e1 em a\u00e7\u00e3o, lutando por melhorias que fazem toda a diferen\u00e7a.<\/p>\n<p>No Requerimento 105\/2023, ele est\u00e1 buscando a implanta\u00e7\u00e3o de saneamento b\u00e1sico e pavimenta\u00e7\u00e3o no Loteamento Jo\u00e3o de Barros, abrangendo vias como Rua Valdenor Ant\u00f4nio Sobral e Rua Jo\u00e3o de Souza Barros, al\u00e9m das Ruas Projetadas 11, 13, 18 e 19.<\/p>\n<p>&#x1f6a7;&#x1f6e3;&#xfe0f; E n\u00e3o para por a\u00ed! Com o Requerimento 106\/2023, o foco \u00e9 o Loteamento S\u00e3o Sebasti\u00e3o, onde o apelo \u00e9 pela complementa\u00e7\u00e3o do saneamento b\u00e1sico e a t\u00e3o necess\u00e1ria pavimenta\u00e7\u00e3o em paralelep\u00edpedo ou asfalto. Vamos juntos construir um futuro melhor para nossa cidade!<\/p>\n<p><img loading=\"lazy\" decoding=\"async\" width=\"667\" height=\"835\" class=\"img-fluid aligncenter size-full wp-image-2295\" src=\"https:\/\/jupi.pe.leg.br\/v3\/wp-content\/uploads\/2023\/10\/Captura-de-tela-2023-10-05-172336.png\" alt=\"\" data-wp-pid=\"2295\" srcset=\"https:\/\/jupi.pe.leg.br\/v3\/wp-content\/uploads\/2023\/10\/Captura-de-tela-2023-10-05-172336.png 667w, https:\/\/jupi.pe.leg.br\/v3\/wp-content\/uploads\/2023\/10\/Captura-de-tela-2023-10-05-172336-240x300.png 240w\" sizes=\"auto, (max-width: 667px) 100vw, 667px\" \/><img loading=\"lazy\" decoding=\"async\" class=\"img-fluid aligncenter wp-image-2296\" src=\"https:\/\/jupi.pe.leg.br\/v3\/wp-content\/uploads\/2023\/10\/Captura-de-tela-2023-10-05-172406.png\" alt=\"\" width=\"667\" height=\"869\" data-wp-pid=\"2296\" srcset=\"https:\/\/jupi.pe.leg.br\/v3\/wp-content\/uploads\/2023\/10\/Captura-de-tela-2023-10-05-172406.png 650w, https:\/\/jupi.pe.leg.br\/v3\/wp-content\/uploads\/2023\/10\/Captura-de-tela-2023-10-05-172406-230x300.png 230w\" sizes=\"auto, (max-width: 667px) 100vw, 667px\" \/><img loading=\"lazy\" decoding=\"async\" class=\"img-fluid aligncenter wp-image-2297\" src=\"https:\/\/jupi.pe.leg.br\/v3\/wp-content\/uploads\/2023\/10\/Captura-de-tela-2023-10-05-172442.png\" alt=\"\" width=\"667\" height=\"878\" data-wp-pid=\"2297\" srcset=\"https:\/\/jupi.pe.leg.br\/v3\/wp-content\/uploads\/2023\/10\/Captura-de-tela-2023-10-05-172442.png 644w, https:\/\/jupi.pe.leg.br\/v3\/wp-content\/uploads\/2023\/10\/Captura-de-tela-2023-10-05-172442-228x300.png 228w\" sizes=\"auto, (max-width: 667px) 100vw, 667px\" \/><\/p>\n","protected":false},"excerpt":{"rendered":"<p>&#x1f4aa;&#x1f3d8;&#xfe0f; Colocando Jupi em primeiro lugar! O Vereador Luiz Ricardo dos Santos Souza est\u00e1 em a\u00e7\u00e3o, lutando por melhorias que fazem toda a diferen\u00e7a. No Requerimento 105\/2023, ele est\u00e1 buscando a implanta\u00e7\u00e3o de saneamento b\u00e1sico e pavimenta\u00e7\u00e3o no Loteamento Jo\u00e3o <a class=\"leiamais\" href=\"https:\/\/jupi.pe.leg.br\/v3\/colocando-jupi-em-primeiro-lugar-o-vereador-luiz-ricardo-dos-santos-souza-esta-em-acao-lutando-por-melhorias-que-fazem-toda-a-diferenca\/\">VER MAIS <i class=\"fa-solid fa-chevron-right\"><\/i><\/a><\/p>\n","protected":false},"author":2,"featured_media":2295,"comment_status":"open","ping_status":"open","sticky":false,"template":"","format":"standard","meta":{"_acf_changed":false,"footnotes":""},"categories":[4],"tags":[],"class_list":["post-2294","post","type-post","status-publish","format-standard","has-post-thumbnail","hentry","category-noticias","active"],"acf":[],"_links":{"self":[{"href":"https:\/\/jupi.pe.leg.br\/v3\/wp-json\/wp\/v2\/posts\/2294","targetHints":{"allow":["GET"]}}],"collection":[{"href":"https:\/\/jupi.pe.leg.br\/v3\/wp-json\/wp\/v2\/posts"}],"about":[{"href":"https:\/\/jupi.pe.leg.br\/v3\/wp-json\/wp\/v2\/types\/post"}],"author":[{"embeddable":true,"href":"https:\/\/jupi.pe.leg.br\/v3\/wp-json\/wp\/v2\/users\/2"}],"replies":[{"embeddable":true,"href":"https:\/\/jupi.pe.leg.br\/v3\/wp-json\/wp\/v2\/comments?post=2294"}],"version-history":[{"count":0,"href":"https:\/\/jupi.pe.leg.br\/v3\/wp-json\/wp\/v2\/posts\/2294\/revisions"}],"wp:featuredmedia":[{"embeddable":true,"href":"https:\/\/jupi.pe.leg.br\/v3\/wp-json\/wp\/v2\/media\/2295"}],"wp:attachment":[{"href":"https:\/\/jupi.pe.leg.br\/v3\/wp-json\/wp\/v2\/media?parent=2294"}],"wp:term":[{"taxonomy":"category","embeddable":true,"href":"https:\/\/jupi.pe.leg.br\/v3\/wp-json\/wp\/v2\/categories?post=2294"},{"taxonomy":"post_tag","embeddable":true,"href":"https:\/\/jupi.pe.leg.br\/v3\/wp-json\/wp\/v2\/tags?post=2294"}],"curies":[{"name":"wp","href":"https:\/\/api.w.org\/{rel}","templated":true}]}}