{"id":2291,"date":"2023-08-23T17:19:38","date_gmt":"2023-08-23T20:19:38","guid":{"rendered":"https:\/\/jupi.pe.leg.br\/v3\/?p=2291"},"modified":"2023-10-05T17:23:02","modified_gmt":"2023-10-05T20:23:02","slug":"requerimento-em-acao","status":"publish","type":"post","link":"https:\/\/jupi.pe.leg.br\/v3\/requerimento-em-acao\/","title":{"rendered":"Requerimento em A\u00e7\u00e3o!"},"content":{"rendered":"<p>&#x1f30a;&#x1f4a7; Requerimento em A\u00e7\u00e3o!<\/p>\n<p>&#x1f3de;&#xfe0f; Ver. F\u00e1bio J\u00fanior Teixeira est\u00e1 mostrando como se faz ao solicitar a constru\u00e7\u00e3o da mega barragem no Rio da Chata!<\/p>\n<p>Uma demanda crucial para abastecer nossa comunidade e arredores. Vamos nessa, garantir \u00e1gua para todos \u00e9 prioridade! &#x1f4aa;&#x1f6b0;<\/p>\n<p><a class=\"x1i10hfl xjbqb8w x6umtig x1b1mbwd xaqea5y xav7gou x9f619 x1ypdohk xt0psk2 xe8uvvx xdj266r x11i5rnm xat24cr x1mh8g0r xexx8yu x4uap5 x18d9i69 xkhd6sd x16tdsg8 x1hl2dhg xggy1nq x1a2a7pz  _aa9_ _a6hd\" tabindex=\"0\" role=\"link\" href=\"https:\/\/www.instagram.com\/explore\/tags\/f%C3%A1bioj%C3%BAnior\/\">#F\u00e1bioJ\u00fanior<\/a>\u00a0<a class=\"x1i10hfl xjbqb8w x6umtig x1b1mbwd xaqea5y xav7gou x9f619 x1ypdohk xt0psk2 xe8uvvx xdj266r x11i5rnm xat24cr x1mh8g0r xexx8yu x4uap5 x18d9i69 xkhd6sd x16tdsg8 x1hl2dhg xggy1nq x1a2a7pz  _aa9_ _a6hd\" tabindex=\"0\" role=\"link\" href=\"https:\/\/www.instagram.com\/explore\/tags\/%C3%A1guaparatodos\/\">#\u00c1guaParaTodos<\/a>\u201d<\/p>\n<div style=\"width: 1080px;\" class=\"wp-video\"><video class=\"wp-video-shortcode\" id=\"video-2291-1\" width=\"1080\" height=\"1920\" preload=\"metadata\" controls=\"controls\"><source type=\"video\/mp4\" src=\"https:\/\/jupi.pe.leg.br\/v3\/wp-content\/uploads\/2023\/10\/Requerimento-em-Acao-Ver-Fabio-Junior-Teixeira.mp4?_=1\" \/><a href=\"https:\/\/jupi.pe.leg.br\/v3\/wp-content\/uploads\/2023\/10\/Requerimento-em-Acao-Ver-Fabio-Junior-Teixeira.mp4\">https:\/\/jupi.pe.leg.br\/v3\/wp-content\/uploads\/2023\/10\/Requerimento-em-Acao-Ver-Fabio-Junior-Teixeira.mp4<\/a><\/video><\/div>\n","protected":false},"excerpt":{"rendered":"<p>&#x1f30a;&#x1f4a7; Requerimento em A\u00e7\u00e3o! &#x1f3de;&#xfe0f; Ver. F\u00e1bio J\u00fanior Teixeira est\u00e1 mostrando como se faz ao solicitar a constru\u00e7\u00e3o da mega barragem no Rio da Chata! Uma demanda crucial para abastecer nossa comunidade e arredores. Vamos nessa, garantir \u00e1gua para todos <a class=\"leiamais\" href=\"https:\/\/jupi.pe.leg.br\/v3\/requerimento-em-acao\/\">VER MAIS <i class=\"fa-solid fa-chevron-right\"><\/i><\/a><\/p>\n","protected":false},"author":2,"featured_media":0,"comment_status":"open","ping_status":"open","sticky":false,"template":"","format":"standard","meta":{"_acf_changed":false,"footnotes":""},"categories":[4],"tags":[],"class_list":["post-2291","post","type-post","status-publish","format-standard","hentry","category-noticias","active"],"acf":[],"_links":{"self":[{"href":"https:\/\/jupi.pe.leg.br\/v3\/wp-json\/wp\/v2\/posts\/2291","targetHints":{"allow":["GET"]}}],"collection":[{"href":"https:\/\/jupi.pe.leg.br\/v3\/wp-json\/wp\/v2\/posts"}],"about":[{"href":"https:\/\/jupi.pe.leg.br\/v3\/wp-json\/wp\/v2\/types\/post"}],"author":[{"embeddable":true,"href":"https:\/\/jupi.pe.leg.br\/v3\/wp-json\/wp\/v2\/users\/2"}],"replies":[{"embeddable":true,"href":"https:\/\/jupi.pe.leg.br\/v3\/wp-json\/wp\/v2\/comments?post=2291"}],"version-history":[{"count":0,"href":"https:\/\/jupi.pe.leg.br\/v3\/wp-json\/wp\/v2\/posts\/2291\/revisions"}],"wp:attachment":[{"href":"https:\/\/jupi.pe.leg.br\/v3\/wp-json\/wp\/v2\/media?parent=2291"}],"wp:term":[{"taxonomy":"category","embeddable":true,"href":"https:\/\/jupi.pe.leg.br\/v3\/wp-json\/wp\/v2\/categories?post=2291"},{"taxonomy":"post_tag","embeddable":true,"href":"https:\/\/jupi.pe.leg.br\/v3\/wp-json\/wp\/v2\/tags?post=2291"}],"curies":[{"name":"wp","href":"https:\/\/api.w.org\/{rel}","templated":true}]}}