{"id":2286,"date":"2023-08-22T17:15:49","date_gmt":"2023-08-22T20:15:49","guid":{"rendered":"https:\/\/jupi.pe.leg.br\/v3\/?p=2286"},"modified":"2023-10-06T14:27:41","modified_gmt":"2023-10-06T17:27:41","slug":"de-olho-nas-melhorias-para-nossa-querida-cidade-de-jupi-vereador-antonio-da-colonia-nao-mede-esforcos-para-o-trabalho-prosseguir","status":"publish","type":"post","link":"https:\/\/jupi.pe.leg.br\/v3\/de-olho-nas-melhorias-para-nossa-querida-cidade-de-jupi-vereador-antonio-da-colonia-nao-mede-esforcos-para-o-trabalho-prosseguir\/","title":{"rendered":"De olho nas melhorias para nossa querida cidade de Jupi! Vereador Ant\u00f4nio da Col\u00f4nia n\u00e3o mede esfor\u00e7os para o trabalho prosseguir!"},"content":{"rendered":"<p>&#x1f6e4;&#xfe0f;&#x1f3d8;&#xfe0f; De olho nas melhorias para nossa querida cidade de Jupi! Vereador Ant\u00f4nio da Col\u00f4nia n\u00e3o mede esfor\u00e7os para garantir um ambiente mais agrad\u00e1vel e funcional para todos n\u00f3s.<\/p>\n<p>No Requerimento 109\/2023, ele solicita a recupera\u00e7\u00e3o dos cal\u00e7amentos no Povoado Col\u00f4nia, abrangendo a Pra\u00e7a Nossa Senhora do Perp\u00e9tuo Socorro e diversas ruas essenciais, incluindo a que leva ao a\u00e7ude e \u00e0 Creche Ricardo Santos Oliveira. &#x1f4aa;&#x1f306; E n\u00e3o para por a\u00ed!<\/p>\n<p>No Requerimento 110\/2023, a solicita\u00e7\u00e3o \u00e9 pela coloca\u00e7\u00e3o de barro no final do cal\u00e7amento das ruas que ligam ao Povoado Col\u00f4nia, contemplando a Rua do a\u00e7ude, a Rua da oficina de Misael e a Rua da Creche. Vamos juntos construir um lugar ainda melhor para viver!<\/p>\n<p><img loading=\"lazy\" decoding=\"async\" width=\"670\" height=\"802\" class=\"img-fluid aligncenter size-full wp-image-2287\" src=\"https:\/\/jupi.pe.leg.br\/v3\/wp-content\/uploads\/2023\/10\/Captura-de-tela-2023-10-05-171610.png\" alt=\"\" data-wp-pid=\"2287\" srcset=\"https:\/\/jupi.pe.leg.br\/v3\/wp-content\/uploads\/2023\/10\/Captura-de-tela-2023-10-05-171610.png 670w, https:\/\/jupi.pe.leg.br\/v3\/wp-content\/uploads\/2023\/10\/Captura-de-tela-2023-10-05-171610-251x300.png 251w\" sizes=\"auto, (max-width: 670px) 100vw, 670px\" \/><img loading=\"lazy\" decoding=\"async\" class=\"img-fluid aligncenter wp-image-2288\" src=\"https:\/\/jupi.pe.leg.br\/v3\/wp-content\/uploads\/2023\/10\/Captura-de-tela-2023-10-05-171640.png\" alt=\"\" width=\"671\" height=\"888\" data-wp-pid=\"2288\" srcset=\"https:\/\/jupi.pe.leg.br\/v3\/wp-content\/uploads\/2023\/10\/Captura-de-tela-2023-10-05-171640.png 639w, https:\/\/jupi.pe.leg.br\/v3\/wp-content\/uploads\/2023\/10\/Captura-de-tela-2023-10-05-171640-227x300.png 227w\" sizes=\"auto, (max-width: 671px) 100vw, 671px\" \/><img loading=\"lazy\" decoding=\"async\" class=\"img-fluid aligncenter wp-image-2289\" src=\"https:\/\/jupi.pe.leg.br\/v3\/wp-content\/uploads\/2023\/10\/Captura-de-tela-2023-10-05-171704.png\" alt=\"\" width=\"671\" height=\"869\" data-wp-pid=\"2289\" srcset=\"https:\/\/jupi.pe.leg.br\/v3\/wp-content\/uploads\/2023\/10\/Captura-de-tela-2023-10-05-171704.png 658w, https:\/\/jupi.pe.leg.br\/v3\/wp-content\/uploads\/2023\/10\/Captura-de-tela-2023-10-05-171704-232x300.png 232w\" sizes=\"auto, (max-width: 671px) 100vw, 671px\" \/><\/p>\n","protected":false},"excerpt":{"rendered":"<p>&#x1f6e4;&#xfe0f;&#x1f3d8;&#xfe0f; De olho nas melhorias para nossa querida cidade de Jupi! Vereador Ant\u00f4nio da Col\u00f4nia n\u00e3o mede esfor\u00e7os para garantir um ambiente mais agrad\u00e1vel e funcional para todos n\u00f3s. No Requerimento 109\/2023, ele solicita a recupera\u00e7\u00e3o dos cal\u00e7amentos no Povoado <a class=\"leiamais\" href=\"https:\/\/jupi.pe.leg.br\/v3\/de-olho-nas-melhorias-para-nossa-querida-cidade-de-jupi-vereador-antonio-da-colonia-nao-mede-esforcos-para-o-trabalho-prosseguir\/\">VER MAIS <i class=\"fa-solid fa-chevron-right\"><\/i><\/a><\/p>\n","protected":false},"author":2,"featured_media":2287,"comment_status":"open","ping_status":"open","sticky":false,"template":"","format":"standard","meta":{"_acf_changed":false,"footnotes":""},"categories":[4],"tags":[],"class_list":["post-2286","post","type-post","status-publish","format-standard","has-post-thumbnail","hentry","category-noticias","active"],"acf":[],"_links":{"self":[{"href":"https:\/\/jupi.pe.leg.br\/v3\/wp-json\/wp\/v2\/posts\/2286","targetHints":{"allow":["GET"]}}],"collection":[{"href":"https:\/\/jupi.pe.leg.br\/v3\/wp-json\/wp\/v2\/posts"}],"about":[{"href":"https:\/\/jupi.pe.leg.br\/v3\/wp-json\/wp\/v2\/types\/post"}],"author":[{"embeddable":true,"href":"https:\/\/jupi.pe.leg.br\/v3\/wp-json\/wp\/v2\/users\/2"}],"replies":[{"embeddable":true,"href":"https:\/\/jupi.pe.leg.br\/v3\/wp-json\/wp\/v2\/comments?post=2286"}],"version-history":[{"count":0,"href":"https:\/\/jupi.pe.leg.br\/v3\/wp-json\/wp\/v2\/posts\/2286\/revisions"}],"wp:featuredmedia":[{"embeddable":true,"href":"https:\/\/jupi.pe.leg.br\/v3\/wp-json\/wp\/v2\/media\/2287"}],"wp:attachment":[{"href":"https:\/\/jupi.pe.leg.br\/v3\/wp-json\/wp\/v2\/media?parent=2286"}],"wp:term":[{"taxonomy":"category","embeddable":true,"href":"https:\/\/jupi.pe.leg.br\/v3\/wp-json\/wp\/v2\/categories?post=2286"},{"taxonomy":"post_tag","embeddable":true,"href":"https:\/\/jupi.pe.leg.br\/v3\/wp-json\/wp\/v2\/tags?post=2286"}],"curies":[{"name":"wp","href":"https:\/\/api.w.org\/{rel}","templated":true}]}}