{"id":2281,"date":"2023-08-21T17:12:08","date_gmt":"2023-08-21T20:12:08","guid":{"rendered":"https:\/\/jupi.pe.leg.br\/v3\/?p=2281"},"modified":"2023-10-06T14:28:19","modified_gmt":"2023-10-06T17:28:19","slug":"construindo-futuros-com-o-requerimento-n-107-2023-autorizado-pelo-nosso-vereador-e-presidente-da-camara-ledson-liberato","status":"publish","type":"post","link":"https:\/\/jupi.pe.leg.br\/v3\/construindo-futuros-com-o-requerimento-n-107-2023-autorizado-pelo-nosso-vereador-e-presidente-da-camara-ledson-liberato\/","title":{"rendered":"Construindo Futuros: Com o Requerimento N\u00b0. 107\/2023, autorizado pelo nosso vereador e presidente da c\u00e2mara, L\u00eadson Liberato!"},"content":{"rendered":"<p>&#x1f499;&#x1f3e1; Construindo Futuros: Com o Requerimento N\u00b0. 107\/2023, autorizado pelo nosso vereador e presidente da c\u00e2mara, L\u00eadson Liberato, estamos firmando um forte apelo ao Prefeito Ant\u00f4nio Marcos Patriota e \u00e0 Secretaria Municipal de Planejamento. Vamos juntos concentrar esfor\u00e7os para trazer recursos federais e estaduais destinados \u00e0 constru\u00e7\u00e3o de moradias populares em nossa adorada Jupi!<\/p>\n<p>&#x1f453;&#x1f31f; Clareza para Todos: A a\u00e7\u00e3o n\u00e3o para por a\u00ed! No Requerimento N\u00b0. 108\/2023, tamb\u00e9m proposto pelo incans\u00e1vel vereador L\u00eadson Liberato, estamos chamando a aten\u00e7\u00e3o do Prefeito Ant\u00f4nio Marcos Patriota e da Secretaria Municipal de Sa\u00fade. Nossa proposta \u00e9 clara e solid\u00e1ria: proporcionar exames de vista e \u00f3culos gratuitos para os alunos que necessitam, garantindo a todos a vis\u00e3o n\u00edtida de um futuro promissor.<\/p>\n<p>&#x1f91d;&#x1f4ac; Participa\u00e7\u00e3o Cidad\u00e3: Com L\u00eadson Liberato \u00e0 frente, a C\u00e2mara de Jupi est\u00e1 em a\u00e7\u00e3o, conectando sonhos e necessidades da nossa comunidade. Unidos, construiremos lares e ampliaremos horizontes visuais, transformando cada desafio em oportunidade. Vamos avan\u00e7ar,<\/p>\n<p><a class=\"x1i10hfl xjbqb8w x6umtig x1b1mbwd xaqea5y xav7gou x9f619 x1ypdohk xt0psk2 xe8uvvx xdj266r x11i5rnm xat24cr x1mh8g0r xexx8yu x4uap5 x18d9i69 xkhd6sd x16tdsg8 x1hl2dhg xggy1nq x1a2a7pz _aa9_ _a6hd\" tabindex=\"0\" role=\"link\" href=\"https:\/\/www.instagram.com\/explore\/tags\/jupicidadania\/\"><img loading=\"lazy\" decoding=\"async\" width=\"664\" height=\"834\" class=\"img-fluid aligncenter size-full wp-image-2282\" src=\"https:\/\/jupi.pe.leg.br\/v3\/wp-content\/uploads\/2023\/10\/Captura-de-tela-2023-10-05-171229.png\" alt=\"\" data-wp-pid=\"2282\" srcset=\"https:\/\/jupi.pe.leg.br\/v3\/wp-content\/uploads\/2023\/10\/Captura-de-tela-2023-10-05-171229.png 664w, https:\/\/jupi.pe.leg.br\/v3\/wp-content\/uploads\/2023\/10\/Captura-de-tela-2023-10-05-171229-239x300.png 239w\" sizes=\"auto, (max-width: 664px) 100vw, 664px\" \/><img loading=\"lazy\" decoding=\"async\" class=\"img-fluid aligncenter wp-image-2283\" src=\"https:\/\/jupi.pe.leg.br\/v3\/wp-content\/uploads\/2023\/10\/Captura-de-tela-2023-10-05-171256.png\" alt=\"\" width=\"664\" height=\"858\" data-wp-pid=\"2283\" srcset=\"https:\/\/jupi.pe.leg.br\/v3\/wp-content\/uploads\/2023\/10\/Captura-de-tela-2023-10-05-171256.png 651w, https:\/\/jupi.pe.leg.br\/v3\/wp-content\/uploads\/2023\/10\/Captura-de-tela-2023-10-05-171256-232x300.png 232w\" sizes=\"auto, (max-width: 664px) 100vw, 664px\" \/><img loading=\"lazy\" decoding=\"async\" class=\"img-fluid aligncenter wp-image-2284\" src=\"https:\/\/jupi.pe.leg.br\/v3\/wp-content\/uploads\/2023\/10\/Captura-de-tela-2023-10-05-171339.png\" alt=\"\" width=\"665\" height=\"839\" data-wp-pid=\"2284\" srcset=\"https:\/\/jupi.pe.leg.br\/v3\/wp-content\/uploads\/2023\/10\/Captura-de-tela-2023-10-05-171339.png 668w, https:\/\/jupi.pe.leg.br\/v3\/wp-content\/uploads\/2023\/10\/Captura-de-tela-2023-10-05-171339-238x300.png 238w\" sizes=\"auto, (max-width: 665px) 100vw, 665px\" \/><\/a><\/p>\n","protected":false},"excerpt":{"rendered":"<p>&#x1f499;&#x1f3e1; Construindo Futuros: Com o Requerimento N\u00b0. 107\/2023, autorizado pelo nosso vereador e presidente da c\u00e2mara, L\u00eadson Liberato, estamos firmando um forte apelo ao Prefeito Ant\u00f4nio Marcos Patriota e \u00e0 Secretaria Municipal de Planejamento. Vamos juntos concentrar esfor\u00e7os para trazer <a class=\"leiamais\" href=\"https:\/\/jupi.pe.leg.br\/v3\/construindo-futuros-com-o-requerimento-n-107-2023-autorizado-pelo-nosso-vereador-e-presidente-da-camara-ledson-liberato\/\">VER MAIS <i class=\"fa-solid fa-chevron-right\"><\/i><\/a><\/p>\n","protected":false},"author":2,"featured_media":2282,"comment_status":"open","ping_status":"open","sticky":false,"template":"","format":"standard","meta":{"_acf_changed":false,"footnotes":""},"categories":[4],"tags":[],"class_list":["post-2281","post","type-post","status-publish","format-standard","has-post-thumbnail","hentry","category-noticias","active"],"acf":[],"_links":{"self":[{"href":"https:\/\/jupi.pe.leg.br\/v3\/wp-json\/wp\/v2\/posts\/2281","targetHints":{"allow":["GET"]}}],"collection":[{"href":"https:\/\/jupi.pe.leg.br\/v3\/wp-json\/wp\/v2\/posts"}],"about":[{"href":"https:\/\/jupi.pe.leg.br\/v3\/wp-json\/wp\/v2\/types\/post"}],"author":[{"embeddable":true,"href":"https:\/\/jupi.pe.leg.br\/v3\/wp-json\/wp\/v2\/users\/2"}],"replies":[{"embeddable":true,"href":"https:\/\/jupi.pe.leg.br\/v3\/wp-json\/wp\/v2\/comments?post=2281"}],"version-history":[{"count":0,"href":"https:\/\/jupi.pe.leg.br\/v3\/wp-json\/wp\/v2\/posts\/2281\/revisions"}],"wp:featuredmedia":[{"embeddable":true,"href":"https:\/\/jupi.pe.leg.br\/v3\/wp-json\/wp\/v2\/media\/2282"}],"wp:attachment":[{"href":"https:\/\/jupi.pe.leg.br\/v3\/wp-json\/wp\/v2\/media?parent=2281"}],"wp:term":[{"taxonomy":"category","embeddable":true,"href":"https:\/\/jupi.pe.leg.br\/v3\/wp-json\/wp\/v2\/categories?post=2281"},{"taxonomy":"post_tag","embeddable":true,"href":"https:\/\/jupi.pe.leg.br\/v3\/wp-json\/wp\/v2\/tags?post=2281"}],"curies":[{"name":"wp","href":"https:\/\/api.w.org\/{rel}","templated":true}]}}