{"id":2277,"date":"2023-08-19T17:08:32","date_gmt":"2023-08-19T20:08:32","guid":{"rendered":"https:\/\/jupi.pe.leg.br\/v3\/?p=2277"},"modified":"2023-10-06T14:29:10","modified_gmt":"2023-10-06T17:29:10","slug":"a-onda-da-mudanca-garantindo-nosso-futuro-hidrico","status":"publish","type":"post","link":"https:\/\/jupi.pe.leg.br\/v3\/a-onda-da-mudanca-garantindo-nosso-futuro-hidrico\/","title":{"rendered":"A Onda da Mudan\u00e7a: Garantindo Nosso Futuro H\u00eddrico!"},"content":{"rendered":"<p>&#x1f30a;&#x1f499; A Onda da Mudan\u00e7a: Garantindo Nosso Futuro H\u00eddrico! &#x1f4a7;&#x1f331;<\/p>\n<p>Ei, galera de Jupi e arredores! &#x1f4e2; Quem a\u00ed n\u00e3o sabe a import\u00e2ncia vital da \u00e1gua? &#x1f4a6; Nosso querido Vereador Paulo C\u00e9sar Cordeiro Vilela est\u00e1 arrasando com o Requerimento N\u00b0. 111\/2023! Ele est\u00e1 lutando com unhas e dentes para trazer uma mega barragem para o Rio Canhoto, visando abastecer nossa amada comunidade e vizinhos sedentos. &#x1f3de;&#xfe0f;&#x1f6b0; \u00c9 assim, com atitude e vis\u00e3o, que constru\u00edmos um futuro mais verde e pr\u00f3spero. Vamos apoiar essa causa, pessoal! &#x1f44f;&#x1f30d;<\/p>\n<p>Paulo C\u00e9sar Cordeiro Vilela, voc\u00ea \u00e9 demais! &#x1f44f;&#x1f44f; Seu compromisso em garantir o acesso \u00e0 \u00e1gua \u00e9 inspirador! &#x1f31f; Gente, sigam esse vereador incans\u00e1vel para ficarem por dentro de cada passo desse projeto incr\u00edvel e de outras iniciativas top que ele tem para a nossa cidade. &#x1f306; Juntos somos mais fortes! &#x1f4aa;&#x1f91d;<\/p>\n<p>N\u00e3o fiquem de fora dessa jornada, pessoal! &#x1f30a;&#x1f4f2; Siga as redes da C\u00e2mara Municipal de Jupi para acompanhar de perto o desenrolar desse requerimento e outros projetos que moldar\u00e3o o nosso amanh\u00e3. &#x1f3db;&#xfe0f;&#x2728; Vamos juntos nessa corrente pelo desenvolvimento e bem-estar da nossa comunidade. &#x1f30d;<\/p>\n<p><a class=\"x1i10hfl xjbqb8w x6umtig x1b1mbwd xaqea5y xav7gou x9f619 x1ypdohk xt0psk2 xe8uvvx xdj266r x11i5rnm xat24cr x1mh8g0r xexx8yu x4uap5 x18d9i69 xkhd6sd x16tdsg8 x1hl2dhg xggy1nq x1a2a7pz _aa9_ _a6hd\" tabindex=\"0\" role=\"link\" href=\"https:\/\/www.instagram.com\/explore\/tags\/mudan%C3%A7aqueinspira\/\"><img loading=\"lazy\" decoding=\"async\" width=\"673\" height=\"838\" class=\"img-fluid aligncenter size-full wp-image-2278\" src=\"https:\/\/jupi.pe.leg.br\/v3\/wp-content\/uploads\/2023\/10\/Captura-de-tela-2023-10-05-170907.png\" alt=\"\" data-wp-pid=\"2278\" srcset=\"https:\/\/jupi.pe.leg.br\/v3\/wp-content\/uploads\/2023\/10\/Captura-de-tela-2023-10-05-170907.png 673w, https:\/\/jupi.pe.leg.br\/v3\/wp-content\/uploads\/2023\/10\/Captura-de-tela-2023-10-05-170907-241x300.png 241w\" sizes=\"auto, (max-width: 673px) 100vw, 673px\" \/><img loading=\"lazy\" decoding=\"async\" class=\"img-fluid aligncenter wp-image-2279\" src=\"https:\/\/jupi.pe.leg.br\/v3\/wp-content\/uploads\/2023\/10\/Captura-de-tela-2023-10-05-170935.png\" alt=\"\" width=\"673\" height=\"841\" data-wp-pid=\"2279\" srcset=\"https:\/\/jupi.pe.leg.br\/v3\/wp-content\/uploads\/2023\/10\/Captura-de-tela-2023-10-05-170935.png 674w, https:\/\/jupi.pe.leg.br\/v3\/wp-content\/uploads\/2023\/10\/Captura-de-tela-2023-10-05-170935-240x300.png 240w\" sizes=\"auto, (max-width: 673px) 100vw, 673px\" \/><\/a><\/p>\n","protected":false},"excerpt":{"rendered":"<p>&#x1f30a;&#x1f499; A Onda da Mudan\u00e7a: Garantindo Nosso Futuro H\u00eddrico! &#x1f4a7;&#x1f331; Ei, galera de Jupi e arredores! &#x1f4e2; Quem a\u00ed n\u00e3o sabe a import\u00e2ncia vital da \u00e1gua? &#x1f4a6; Nosso querido Vereador Paulo C\u00e9sar Cordeiro Vilela est\u00e1 arrasando com o Requerimento N\u00b0. <a class=\"leiamais\" href=\"https:\/\/jupi.pe.leg.br\/v3\/a-onda-da-mudanca-garantindo-nosso-futuro-hidrico\/\">VER MAIS <i class=\"fa-solid fa-chevron-right\"><\/i><\/a><\/p>\n","protected":false},"author":2,"featured_media":2278,"comment_status":"open","ping_status":"open","sticky":false,"template":"","format":"standard","meta":{"_acf_changed":false,"footnotes":""},"categories":[4],"tags":[],"class_list":["post-2277","post","type-post","status-publish","format-standard","has-post-thumbnail","hentry","category-noticias","active"],"acf":[],"_links":{"self":[{"href":"https:\/\/jupi.pe.leg.br\/v3\/wp-json\/wp\/v2\/posts\/2277","targetHints":{"allow":["GET"]}}],"collection":[{"href":"https:\/\/jupi.pe.leg.br\/v3\/wp-json\/wp\/v2\/posts"}],"about":[{"href":"https:\/\/jupi.pe.leg.br\/v3\/wp-json\/wp\/v2\/types\/post"}],"author":[{"embeddable":true,"href":"https:\/\/jupi.pe.leg.br\/v3\/wp-json\/wp\/v2\/users\/2"}],"replies":[{"embeddable":true,"href":"https:\/\/jupi.pe.leg.br\/v3\/wp-json\/wp\/v2\/comments?post=2277"}],"version-history":[{"count":0,"href":"https:\/\/jupi.pe.leg.br\/v3\/wp-json\/wp\/v2\/posts\/2277\/revisions"}],"wp:featuredmedia":[{"embeddable":true,"href":"https:\/\/jupi.pe.leg.br\/v3\/wp-json\/wp\/v2\/media\/2278"}],"wp:attachment":[{"href":"https:\/\/jupi.pe.leg.br\/v3\/wp-json\/wp\/v2\/media?parent=2277"}],"wp:term":[{"taxonomy":"category","embeddable":true,"href":"https:\/\/jupi.pe.leg.br\/v3\/wp-json\/wp\/v2\/categories?post=2277"},{"taxonomy":"post_tag","embeddable":true,"href":"https:\/\/jupi.pe.leg.br\/v3\/wp-json\/wp\/v2\/tags?post=2277"}],"curies":[{"name":"wp","href":"https:\/\/api.w.org\/{rel}","templated":true}]}}