{"id":2267,"date":"2023-08-07T16:55:49","date_gmt":"2023-08-07T19:55:49","guid":{"rendered":"https:\/\/jupi.pe.leg.br\/v3\/?p=2267"},"modified":"2023-10-06T14:29:52","modified_gmt":"2023-10-06T17:29:52","slug":"o-vereador-luiz-ricardo-dos-santos-souza-apresenta-dois-requerimentos-em-prol-de-jupi","status":"publish","type":"post","link":"https:\/\/jupi.pe.leg.br\/v3\/o-vereador-luiz-ricardo-dos-santos-souza-apresenta-dois-requerimentos-em-prol-de-jupi\/","title":{"rendered":"O Vereador Luiz Ricardo dos Santos Souza apresenta dois requerimentos em prol de Jupi!"},"content":{"rendered":"<p>&#x1f50d;&#x1f3e2;&#x1f4bc; O Vereador Luiz Ricardo dos Santos Souza apresenta dois requerimentos em prol de Jupi!<\/p>\n<p>&#x1f4aa;&#x1f3fd;&#x1f6a7;&#x1f4f9; No primeiro, o foco \u00e9 a seguran\u00e7a da garagem da prefeitura, com a constru\u00e7\u00e3o de uma guarita suspensa, reforma do muro, port\u00e3o autom\u00e1tico e instala\u00e7\u00e3o de c\u00e2meras de seguran\u00e7a.<\/p>\n<p>&#x1f33f;&#x1f50b;&#x1f30d; J\u00e1 no segundo, o apelo \u00e9 para a sustentabilidade, pedindo a implanta\u00e7\u00e3o de ecopontos para recolhimento de pilhas e baterias usadas em locais estrat\u00e9gicos e acess\u00edveis para toda a popula\u00e7\u00e3o.<\/p>\n<p>&#x270a;&#x1f3fc;&#x1f91d;&#x1f3fd; Contamos com o engajamento de todos para tornar essas iniciativas realidade! A voz do povo \u00e9 fundamental para garantir a execu\u00e7\u00e3o desses projetos que visam o bem-estar de cada cidad\u00e3o jupiense.<\/p>\n<p>&#x1f64c;&#x1f3fc;&#x1f5e3;&#xfe0f; Vamos juntos fazer a diferen\u00e7a e construir uma cidade mais segura e sustent\u00e1vel para as presentes e futuras gera\u00e7\u00f5es. &#x1f3d9;&#xfe0f;&#x1f331;&#x1f49a;<\/p>\n<p>&#x1f4e2;&#x1f5f3;&#xfe0f; \u00c9 hora de agir! Compartilhe esse post e fa\u00e7a ecoar esses importantes requerimentos em todas as redes sociais. Vamos mostrar a for\u00e7a da nossa comunidade e mobilizar o poder p\u00fablico para tornar Jupi um lugar ainda melhor para viver. &#x1f4ac;&#x1f4f2;&#x1f44f;&#x1f3fc;<\/p>\n<p><a class=\"x1i10hfl xjbqb8w x6umtig x1b1mbwd xaqea5y xav7gou x9f619 x1ypdohk xt0psk2 xe8uvvx xdj266r x11i5rnm xat24cr x1mh8g0r xexx8yu x4uap5 x18d9i69 xkhd6sd x16tdsg8 x1hl2dhg xggy1nq x1a2a7pz _aa9_ _a6hd\" tabindex=\"0\" role=\"link\" href=\"https:\/\/www.instagram.com\/explore\/tags\/vereadorluizricardo\/\"><img loading=\"lazy\" decoding=\"async\" width=\"660\" height=\"820\" class=\"img-fluid aligncenter size-full wp-image-2268\" src=\"https:\/\/jupi.pe.leg.br\/v3\/wp-content\/uploads\/2023\/10\/Captura-de-tela-2023-10-05-165622.png\" alt=\"\" data-wp-pid=\"2268\" srcset=\"https:\/\/jupi.pe.leg.br\/v3\/wp-content\/uploads\/2023\/10\/Captura-de-tela-2023-10-05-165622.png 660w, https:\/\/jupi.pe.leg.br\/v3\/wp-content\/uploads\/2023\/10\/Captura-de-tela-2023-10-05-165622-241x300.png 241w\" sizes=\"auto, (max-width: 660px) 100vw, 660px\" \/><img loading=\"lazy\" decoding=\"async\" class=\"img-fluid aligncenter wp-image-2269\" src=\"https:\/\/jupi.pe.leg.br\/v3\/wp-content\/uploads\/2023\/10\/Captura-de-tela-2023-10-05-165648.png\" alt=\"\" width=\"661\" height=\"850\" data-wp-pid=\"2269\" srcset=\"https:\/\/jupi.pe.leg.br\/v3\/wp-content\/uploads\/2023\/10\/Captura-de-tela-2023-10-05-165648.png 654w, https:\/\/jupi.pe.leg.br\/v3\/wp-content\/uploads\/2023\/10\/Captura-de-tela-2023-10-05-165648-233x300.png 233w\" sizes=\"auto, (max-width: 661px) 100vw, 661px\" \/><img loading=\"lazy\" decoding=\"async\" class=\"img-fluid aligncenter wp-image-2270\" src=\"https:\/\/jupi.pe.leg.br\/v3\/wp-content\/uploads\/2023\/10\/Captura-de-tela-2023-10-05-165716.png\" alt=\"\" width=\"661\" height=\"837\" data-wp-pid=\"2270\" srcset=\"https:\/\/jupi.pe.leg.br\/v3\/wp-content\/uploads\/2023\/10\/Captura-de-tela-2023-10-05-165716.png 667w, https:\/\/jupi.pe.leg.br\/v3\/wp-content\/uploads\/2023\/10\/Captura-de-tela-2023-10-05-165716-237x300.png 237w\" sizes=\"auto, (max-width: 661px) 100vw, 661px\" \/><\/a><\/p>\n","protected":false},"excerpt":{"rendered":"<p>&#x1f50d;&#x1f3e2;&#x1f4bc; O Vereador Luiz Ricardo dos Santos Souza apresenta dois requerimentos em prol de Jupi! &#x1f4aa;&#x1f3fd;&#x1f6a7;&#x1f4f9; No primeiro, o foco \u00e9 a seguran\u00e7a da garagem da prefeitura, com a constru\u00e7\u00e3o de uma guarita suspensa, reforma do muro, port\u00e3o autom\u00e1tico e <a class=\"leiamais\" href=\"https:\/\/jupi.pe.leg.br\/v3\/o-vereador-luiz-ricardo-dos-santos-souza-apresenta-dois-requerimentos-em-prol-de-jupi\/\">VER MAIS <i class=\"fa-solid fa-chevron-right\"><\/i><\/a><\/p>\n","protected":false},"author":2,"featured_media":2268,"comment_status":"open","ping_status":"open","sticky":false,"template":"","format":"standard","meta":{"_acf_changed":false,"footnotes":""},"categories":[4],"tags":[],"class_list":["post-2267","post","type-post","status-publish","format-standard","has-post-thumbnail","hentry","category-noticias","active"],"acf":[],"_links":{"self":[{"href":"https:\/\/jupi.pe.leg.br\/v3\/wp-json\/wp\/v2\/posts\/2267","targetHints":{"allow":["GET"]}}],"collection":[{"href":"https:\/\/jupi.pe.leg.br\/v3\/wp-json\/wp\/v2\/posts"}],"about":[{"href":"https:\/\/jupi.pe.leg.br\/v3\/wp-json\/wp\/v2\/types\/post"}],"author":[{"embeddable":true,"href":"https:\/\/jupi.pe.leg.br\/v3\/wp-json\/wp\/v2\/users\/2"}],"replies":[{"embeddable":true,"href":"https:\/\/jupi.pe.leg.br\/v3\/wp-json\/wp\/v2\/comments?post=2267"}],"version-history":[{"count":0,"href":"https:\/\/jupi.pe.leg.br\/v3\/wp-json\/wp\/v2\/posts\/2267\/revisions"}],"wp:featuredmedia":[{"embeddable":true,"href":"https:\/\/jupi.pe.leg.br\/v3\/wp-json\/wp\/v2\/media\/2268"}],"wp:attachment":[{"href":"https:\/\/jupi.pe.leg.br\/v3\/wp-json\/wp\/v2\/media?parent=2267"}],"wp:term":[{"taxonomy":"category","embeddable":true,"href":"https:\/\/jupi.pe.leg.br\/v3\/wp-json\/wp\/v2\/categories?post=2267"},{"taxonomy":"post_tag","embeddable":true,"href":"https:\/\/jupi.pe.leg.br\/v3\/wp-json\/wp\/v2\/tags?post=2267"}],"curies":[{"name":"wp","href":"https:\/\/api.w.org\/{rel}","templated":true}]}}