{"id":2264,"date":"2023-08-04T16:53:49","date_gmt":"2023-08-04T19:53:49","guid":{"rendered":"https:\/\/jupi.pe.leg.br\/v3\/?p=2264"},"modified":"2023-10-06T14:30:17","modified_gmt":"2023-10-06T17:30:17","slug":"em-busca-de-melhorias-para-jupi-vereador-fabio-junior-teixeira-apresenta-importantes-pleitos","status":"publish","type":"post","link":"https:\/\/jupi.pe.leg.br\/v3\/em-busca-de-melhorias-para-jupi-vereador-fabio-junior-teixeira-apresenta-importantes-pleitos\/","title":{"rendered":"&#8220;Em busca de melhorias para Jupi: Vereador F\u00e1bio J\u00fanior Teixeira apresenta importantes pleitos!&#8221;"},"content":{"rendered":"<p>&#x1f3de;&#xfe0f;&#x1f4a7;&#x1f6a7; &#8220;Em busca de melhorias para Jupi: Vereador F\u00e1bio J\u00fanior Teixeira apresenta importantes pleitos!&#8221; &#x1f4dc;&#x1f31f;<\/p>\n<p>O Vereador F\u00e1bio J\u00fanior Teixeira apresentou o Requerimento 054\/2022, com pedidos importantes para nosso munic\u00edpio.<\/p>\n<p>&#x1f333;&#x1f4a6; Em di\u00e1logo com o Plen\u00e1rio e respeitando todas as formalidades, ele solicitou ao Exm\u00ba Prefeito Ant\u00f4nio Marcos Patriota, por meio da Secretaria competente, a realiza\u00e7\u00e3o dos seguintes pleitos:<\/p>\n<p>1&#xfe0f;&#x20e3; Recupera\u00e7\u00e3o do Po\u00e7o Amazonas e de uma nascente no S\u00edtio Areias, pr\u00f3ximo ao Sr. Jos\u00e9 Silvestre (Cazuza).<br \/>\n2&#xfe0f;&#x20e3; Recupera\u00e7\u00e3o do Po\u00e7o Amazonas, situado no S\u00edtio V\u00e1rzea da Raposa, nas proximidades da propriedade do Sr. Sebasti\u00e3o Fernandes.<br \/>\n3&#xfe0f;&#x20e3; Constru\u00e7\u00e3o de tr\u00eas passagens molhadas nos s\u00edtios: V\u00e1rzea da Raposa (perto da propriedade do Sr. Rivaldo Martins), Grot\u00e3o (perto da propriedade do Sr. Genivaldo Galdino) e Santa Rosa (perto da propriedade da Sra. Genilda Porfirio).<\/p>\n<p>Vamos unir esfor\u00e7os para conquistar melhorias em nossa cidade! &#x1f4aa;&#x1f3fc;&#x1f499;<\/p>\n<p><img loading=\"lazy\" decoding=\"async\" width=\"693\" height=\"844\" class=\"img-fluid aligncenter size-full wp-image-2265\" src=\"https:\/\/jupi.pe.leg.br\/v3\/wp-content\/uploads\/2023\/10\/Captura-de-tela-2023-10-05-165413.png\" alt=\"\" data-wp-pid=\"2265\" srcset=\"https:\/\/jupi.pe.leg.br\/v3\/wp-content\/uploads\/2023\/10\/Captura-de-tela-2023-10-05-165413.png 693w, https:\/\/jupi.pe.leg.br\/v3\/wp-content\/uploads\/2023\/10\/Captura-de-tela-2023-10-05-165413-246x300.png 246w\" sizes=\"auto, (max-width: 693px) 100vw, 693px\" \/><\/p>\n","protected":false},"excerpt":{"rendered":"<p>&#x1f3de;&#xfe0f;&#x1f4a7;&#x1f6a7; &#8220;Em busca de melhorias para Jupi: Vereador F\u00e1bio J\u00fanior Teixeira apresenta importantes pleitos!&#8221; &#x1f4dc;&#x1f31f; O Vereador F\u00e1bio J\u00fanior Teixeira apresentou o Requerimento 054\/2022, com pedidos importantes para nosso munic\u00edpio. &#x1f333;&#x1f4a6; Em di\u00e1logo com o Plen\u00e1rio e respeitando todas as <a class=\"leiamais\" href=\"https:\/\/jupi.pe.leg.br\/v3\/em-busca-de-melhorias-para-jupi-vereador-fabio-junior-teixeira-apresenta-importantes-pleitos\/\">VER MAIS <i class=\"fa-solid fa-chevron-right\"><\/i><\/a><\/p>\n","protected":false},"author":2,"featured_media":2265,"comment_status":"open","ping_status":"open","sticky":false,"template":"","format":"standard","meta":{"_acf_changed":false,"footnotes":""},"categories":[4],"tags":[],"class_list":["post-2264","post","type-post","status-publish","format-standard","has-post-thumbnail","hentry","category-noticias","active"],"acf":[],"_links":{"self":[{"href":"https:\/\/jupi.pe.leg.br\/v3\/wp-json\/wp\/v2\/posts\/2264","targetHints":{"allow":["GET"]}}],"collection":[{"href":"https:\/\/jupi.pe.leg.br\/v3\/wp-json\/wp\/v2\/posts"}],"about":[{"href":"https:\/\/jupi.pe.leg.br\/v3\/wp-json\/wp\/v2\/types\/post"}],"author":[{"embeddable":true,"href":"https:\/\/jupi.pe.leg.br\/v3\/wp-json\/wp\/v2\/users\/2"}],"replies":[{"embeddable":true,"href":"https:\/\/jupi.pe.leg.br\/v3\/wp-json\/wp\/v2\/comments?post=2264"}],"version-history":[{"count":0,"href":"https:\/\/jupi.pe.leg.br\/v3\/wp-json\/wp\/v2\/posts\/2264\/revisions"}],"wp:featuredmedia":[{"embeddable":true,"href":"https:\/\/jupi.pe.leg.br\/v3\/wp-json\/wp\/v2\/media\/2265"}],"wp:attachment":[{"href":"https:\/\/jupi.pe.leg.br\/v3\/wp-json\/wp\/v2\/media?parent=2264"}],"wp:term":[{"taxonomy":"category","embeddable":true,"href":"https:\/\/jupi.pe.leg.br\/v3\/wp-json\/wp\/v2\/categories?post=2264"},{"taxonomy":"post_tag","embeddable":true,"href":"https:\/\/jupi.pe.leg.br\/v3\/wp-json\/wp\/v2\/tags?post=2264"}],"curies":[{"name":"wp","href":"https:\/\/api.w.org\/{rel}","templated":true}]}}