{"id":2246,"date":"2023-07-27T16:14:26","date_gmt":"2023-07-27T19:14:26","guid":{"rendered":"https:\/\/jupi.pe.leg.br\/v3\/?p=2246"},"modified":"2023-10-06T14:32:35","modified_gmt":"2023-10-06T17:32:35","slug":"segundo-dia-de-capacitacao-interna-na-camara-de-jupi-com-um-palestrante-de-excelencia-o-dr-danilo-almeida","status":"publish","type":"post","link":"https:\/\/jupi.pe.leg.br\/v3\/segundo-dia-de-capacitacao-interna-na-camara-de-jupi-com-um-palestrante-de-excelencia-o-dr-danilo-almeida\/","title":{"rendered":"Segundo dia de capacita\u00e7\u00e3o interna na C\u00e2mara de Jupi com um palestrante de excel\u00eancia, o Dr. Danilo Almeida!"},"content":{"rendered":"<p>&#x1f393;&#x1f4c6; Segundo dia de capacita\u00e7\u00e3o interna na C\u00e2mara de Jupi com um palestrante de excel\u00eancia, o Dr. Danilo Almeida!<\/p>\n<p>&#x1f4bc;&#x1f4da; Hoje, os vereadores se reuniram para discutir as &#8220;Novas Leis de Licita\u00e7\u00f5es: Cl\u00e1usulas, reajustamento de pre\u00e7os e muito mais!&#8221; Mesmo durante o recesso legislativo, o compromisso com o aprimoramento \u00e9 uma prioridade para melhor atender \u00e0s necessidades da popula\u00e7\u00e3o.<\/p>\n<p>&#x1f5e3;&#xfe0f;&#x1f4da;Com grande expertise como Professor da Licitlab, advogado e Procurador do Estado de Pernambuco, o Dr. Danilo Almeida trouxe valiosas contribui\u00e7\u00f5es para o segundo dia de capacita\u00e7\u00e3o. O debate girou em torno de temas relevantes e atuais, proporcionando aos vereadores uma vis\u00e3o ampliada sobre as quest\u00f5es de Direito P\u00fablico e Direito Tribut\u00e1rio. O conhecimento adquirido permitir\u00e1 uma gest\u00e3o mais eficiente e eficaz dos recursos p\u00fablicos.<\/p>\n<p>&#x1f465;&#x1f4aa; A dedica\u00e7\u00e3o dos vereadores de Jupi em participar ativamente da capacita\u00e7\u00e3o interna, mesmo durante o recesso legislativo, mostra o comprometimento com a melhoria cont\u00ednua da administra\u00e7\u00e3o p\u00fablica.<\/p>\n<p>&#x1f31f;&#x1f3db;&#xfe0f; O aprendizado adquirido com o Dr. Danilo Almeida, que possui vasta experi\u00eancia como Coordenador Jur\u00eddico em diferentes secretarias estaduais, abrir\u00e1 novos caminhos para o desenvolvimento da cidade e o bem-estar de seus cidad\u00e3os. &#x1f680;&#x1f307;<\/p>\n<p><a class=\"x1i10hfl xjbqb8w x6umtig x1b1mbwd xaqea5y xav7gou x9f619 x1ypdohk xt0psk2 xe8uvvx xdj266r x11i5rnm xat24cr x1mh8g0r xexx8yu x4uap5 x18d9i69 xkhd6sd x16tdsg8 x1hl2dhg xggy1nq x1a2a7pz _aa9_ _a6hd\" tabindex=\"0\" role=\"link\" href=\"https:\/\/www.instagram.com\/explore\/tags\/aprendizadoconstante\/\"><img loading=\"lazy\" decoding=\"async\" width=\"839\" height=\"845\" class=\"img-fluid aligncenter size-full wp-image-2247\" src=\"https:\/\/jupi.pe.leg.br\/v3\/wp-content\/uploads\/2023\/10\/Captura-de-tela-2023-10-05-161509.png\" alt=\"\" data-wp-pid=\"2247\" srcset=\"https:\/\/jupi.pe.leg.br\/v3\/wp-content\/uploads\/2023\/10\/Captura-de-tela-2023-10-05-161509.png 839w, https:\/\/jupi.pe.leg.br\/v3\/wp-content\/uploads\/2023\/10\/Captura-de-tela-2023-10-05-161509-298x300.png 298w, https:\/\/jupi.pe.leg.br\/v3\/wp-content\/uploads\/2023\/10\/Captura-de-tela-2023-10-05-161509-150x150.png 150w, https:\/\/jupi.pe.leg.br\/v3\/wp-content\/uploads\/2023\/10\/Captura-de-tela-2023-10-05-161509-768x773.png 768w\" sizes=\"auto, (max-width: 839px) 100vw, 839px\" \/><img loading=\"lazy\" decoding=\"async\" class=\"img-fluid aligncenter wp-image-2248\" src=\"https:\/\/jupi.pe.leg.br\/v3\/wp-content\/uploads\/2023\/10\/Captura-de-tela-2023-10-05-161539.png\" alt=\"\" width=\"838\" height=\"872\" data-wp-pid=\"2248\" srcset=\"https:\/\/jupi.pe.leg.br\/v3\/wp-content\/uploads\/2023\/10\/Captura-de-tela-2023-10-05-161539.png 807w, https:\/\/jupi.pe.leg.br\/v3\/wp-content\/uploads\/2023\/10\/Captura-de-tela-2023-10-05-161539-288x300.png 288w, https:\/\/jupi.pe.leg.br\/v3\/wp-content\/uploads\/2023\/10\/Captura-de-tela-2023-10-05-161539-768x799.png 768w\" sizes=\"auto, (max-width: 838px) 100vw, 838px\" \/><img loading=\"lazy\" decoding=\"async\" class=\"img-fluid aligncenter wp-image-2249\" src=\"https:\/\/jupi.pe.leg.br\/v3\/wp-content\/uploads\/2023\/10\/Captura-de-tela-2023-10-05-161610.png\" alt=\"\" width=\"838\" height=\"874\" data-wp-pid=\"2249\" srcset=\"https:\/\/jupi.pe.leg.br\/v3\/wp-content\/uploads\/2023\/10\/Captura-de-tela-2023-10-05-161610.png 807w, https:\/\/jupi.pe.leg.br\/v3\/wp-content\/uploads\/2023\/10\/Captura-de-tela-2023-10-05-161610-288x300.png 288w, https:\/\/jupi.pe.leg.br\/v3\/wp-content\/uploads\/2023\/10\/Captura-de-tela-2023-10-05-161610-768x801.png 768w\" sizes=\"auto, (max-width: 838px) 100vw, 838px\" \/><img loading=\"lazy\" decoding=\"async\" class=\"img-fluid aligncenter wp-image-2250\" src=\"https:\/\/jupi.pe.leg.br\/v3\/wp-content\/uploads\/2023\/10\/Captura-de-tela-2023-10-05-161643.png\" alt=\"\" width=\"839\" height=\"856\" data-wp-pid=\"2250\" srcset=\"https:\/\/jupi.pe.leg.br\/v3\/wp-content\/uploads\/2023\/10\/Captura-de-tela-2023-10-05-161643.png 822w, https:\/\/jupi.pe.leg.br\/v3\/wp-content\/uploads\/2023\/10\/Captura-de-tela-2023-10-05-161643-294x300.png 294w, https:\/\/jupi.pe.leg.br\/v3\/wp-content\/uploads\/2023\/10\/Captura-de-tela-2023-10-05-161643-768x784.png 768w\" sizes=\"auto, (max-width: 839px) 100vw, 839px\" \/><\/a><\/p>\n","protected":false},"excerpt":{"rendered":"<p>&#x1f393;&#x1f4c6; Segundo dia de capacita\u00e7\u00e3o interna na C\u00e2mara de Jupi com um palestrante de excel\u00eancia, o Dr. Danilo Almeida! &#x1f4bc;&#x1f4da; Hoje, os vereadores se reuniram para discutir as &#8220;Novas Leis de Licita\u00e7\u00f5es: Cl\u00e1usulas, reajustamento de pre\u00e7os e muito mais!&#8221; Mesmo <a class=\"leiamais\" href=\"https:\/\/jupi.pe.leg.br\/v3\/segundo-dia-de-capacitacao-interna-na-camara-de-jupi-com-um-palestrante-de-excelencia-o-dr-danilo-almeida\/\">VER MAIS <i class=\"fa-solid fa-chevron-right\"><\/i><\/a><\/p>\n","protected":false},"author":2,"featured_media":2247,"comment_status":"open","ping_status":"open","sticky":false,"template":"","format":"standard","meta":{"_acf_changed":false,"footnotes":""},"categories":[4],"tags":[],"class_list":["post-2246","post","type-post","status-publish","format-standard","has-post-thumbnail","hentry","category-noticias","active"],"acf":[],"_links":{"self":[{"href":"https:\/\/jupi.pe.leg.br\/v3\/wp-json\/wp\/v2\/posts\/2246","targetHints":{"allow":["GET"]}}],"collection":[{"href":"https:\/\/jupi.pe.leg.br\/v3\/wp-json\/wp\/v2\/posts"}],"about":[{"href":"https:\/\/jupi.pe.leg.br\/v3\/wp-json\/wp\/v2\/types\/post"}],"author":[{"embeddable":true,"href":"https:\/\/jupi.pe.leg.br\/v3\/wp-json\/wp\/v2\/users\/2"}],"replies":[{"embeddable":true,"href":"https:\/\/jupi.pe.leg.br\/v3\/wp-json\/wp\/v2\/comments?post=2246"}],"version-history":[{"count":0,"href":"https:\/\/jupi.pe.leg.br\/v3\/wp-json\/wp\/v2\/posts\/2246\/revisions"}],"wp:featuredmedia":[{"embeddable":true,"href":"https:\/\/jupi.pe.leg.br\/v3\/wp-json\/wp\/v2\/media\/2247"}],"wp:attachment":[{"href":"https:\/\/jupi.pe.leg.br\/v3\/wp-json\/wp\/v2\/media?parent=2246"}],"wp:term":[{"taxonomy":"category","embeddable":true,"href":"https:\/\/jupi.pe.leg.br\/v3\/wp-json\/wp\/v2\/categories?post=2246"},{"taxonomy":"post_tag","embeddable":true,"href":"https:\/\/jupi.pe.leg.br\/v3\/wp-json\/wp\/v2\/tags?post=2246"}],"curies":[{"name":"wp","href":"https:\/\/api.w.org\/{rel}","templated":true}]}}