{"id":2239,"date":"2023-07-26T16:03:34","date_gmt":"2023-07-26T19:03:34","guid":{"rendered":"https:\/\/jupi.pe.leg.br\/v3\/?p=2239"},"modified":"2023-10-06T14:33:36","modified_gmt":"2023-10-06T17:33:36","slug":"26-a-28-de-julho-semana-de-capacitacao-interna-na-camara-de-jupi","status":"publish","type":"post","link":"https:\/\/jupi.pe.leg.br\/v3\/26-a-28-de-julho-semana-de-capacitacao-interna-na-camara-de-jupi\/","title":{"rendered":"26 a 28 de julho: Semana de Capacita\u00e7\u00e3o Interna na C\u00e2mara de Jupi!"},"content":{"rendered":"<p>&#x1f4c5; 26 a 28 de julho: Semana de Capacita\u00e7\u00e3o Interna na C\u00e2mara de Jupi!<\/p>\n<p>&#x1f393;&#x1f4bc; Mesmo no recesso legislativo, estamos em busca constante de aprimoramento! &#x1f4aa;&#x1f31f; Funcion\u00e1rios e vereadores juntos, investindo em conhecimento para um servi\u00e7o ainda melhor! &#x1f91d;&#x1f4da;<\/p>\n<p>&#x1f4cc; Confira a programa\u00e7\u00e3o:<\/p>\n<p>&#x1f4c6; Dia 26 &#8211; Contrata\u00e7\u00f5es P\u00fablicas: Desde pesquisa de pre\u00e7os at\u00e9 ritos processuais! &#x1f4d1;&#x1f4bc; Palestra com Dr. Thiago Benassi. &#x1f3a4;&#x1f91d;<\/p>\n<p>&#x1f4c6; Dia 27 &#8211; Novas Leis de Licita\u00e7\u00f5es: Cl\u00e1usulas, reajustamento de pre\u00e7os e muito mais! &#x1f4dd;&#x1f9d0; Com Dr. Danilo Almeida. &#x1f3a4;&#x1f310;<\/p>\n<p>&#x1f4c6; Dia 28 &#8211; A arte da Orat\u00f3ria: Aprimore sua comunica\u00e7\u00e3o com Dr. Jorge Wellington! &#x1f4ac;&#x1f5e3;<\/p>\n<p>&#x1f4bc;&#x1f393; Vereadores e servidores da C\u00e2mara de Jupi: sempre em busca de novos conhecimentos e crescimento profissional! &#x1f31f;&#x1f680;<\/p>\n<div style=\"width: 1080px;\" class=\"wp-video\"><video class=\"wp-video-shortcode\" id=\"video-2239-1\" width=\"1080\" height=\"1920\" preload=\"metadata\" controls=\"controls\"><source type=\"video\/mp4\" src=\"https:\/\/jupi.pe.leg.br\/v3\/wp-content\/uploads\/2023\/10\/26-a-28-de-julho-Semana-de-Capacitacao-Interna-na-Camara-de-Jupi.mp4?_=1\" \/><a href=\"https:\/\/jupi.pe.leg.br\/v3\/wp-content\/uploads\/2023\/10\/26-a-28-de-julho-Semana-de-Capacitacao-Interna-na-Camara-de-Jupi.mp4\">https:\/\/jupi.pe.leg.br\/v3\/wp-content\/uploads\/2023\/10\/26-a-28-de-julho-Semana-de-Capacitacao-Interna-na-Camara-de-Jupi.mp4<\/a><\/video><\/div>\n","protected":false},"excerpt":{"rendered":"<p>&#x1f4c5; 26 a 28 de julho: Semana de Capacita\u00e7\u00e3o Interna na C\u00e2mara de Jupi! &#x1f393;&#x1f4bc; Mesmo no recesso legislativo, estamos em busca constante de aprimoramento! &#x1f4aa;&#x1f31f; Funcion\u00e1rios e vereadores juntos, investindo em conhecimento para um servi\u00e7o ainda melhor! &#x1f91d;&#x1f4da; &#x1f4cc; <a class=\"leiamais\" href=\"https:\/\/jupi.pe.leg.br\/v3\/26-a-28-de-julho-semana-de-capacitacao-interna-na-camara-de-jupi\/\">VER MAIS <i class=\"fa-solid fa-chevron-right\"><\/i><\/a><\/p>\n","protected":false},"author":2,"featured_media":0,"comment_status":"open","ping_status":"open","sticky":false,"template":"","format":"standard","meta":{"_acf_changed":false,"footnotes":""},"categories":[4],"tags":[],"class_list":["post-2239","post","type-post","status-publish","format-standard","hentry","category-noticias","active"],"acf":[],"_links":{"self":[{"href":"https:\/\/jupi.pe.leg.br\/v3\/wp-json\/wp\/v2\/posts\/2239","targetHints":{"allow":["GET"]}}],"collection":[{"href":"https:\/\/jupi.pe.leg.br\/v3\/wp-json\/wp\/v2\/posts"}],"about":[{"href":"https:\/\/jupi.pe.leg.br\/v3\/wp-json\/wp\/v2\/types\/post"}],"author":[{"embeddable":true,"href":"https:\/\/jupi.pe.leg.br\/v3\/wp-json\/wp\/v2\/users\/2"}],"replies":[{"embeddable":true,"href":"https:\/\/jupi.pe.leg.br\/v3\/wp-json\/wp\/v2\/comments?post=2239"}],"version-history":[{"count":0,"href":"https:\/\/jupi.pe.leg.br\/v3\/wp-json\/wp\/v2\/posts\/2239\/revisions"}],"wp:attachment":[{"href":"https:\/\/jupi.pe.leg.br\/v3\/wp-json\/wp\/v2\/media?parent=2239"}],"wp:term":[{"taxonomy":"category","embeddable":true,"href":"https:\/\/jupi.pe.leg.br\/v3\/wp-json\/wp\/v2\/categories?post=2239"},{"taxonomy":"post_tag","embeddable":true,"href":"https:\/\/jupi.pe.leg.br\/v3\/wp-json\/wp\/v2\/tags?post=2239"}],"curies":[{"name":"wp","href":"https:\/\/api.w.org\/{rel}","templated":true}]}}