{"id":2233,"date":"2023-07-20T15:58:37","date_gmt":"2023-07-20T18:58:37","guid":{"rendered":"https:\/\/jupi.pe.leg.br\/v3\/?p=2233"},"modified":"2023-10-06T14:33:55","modified_gmt":"2023-10-06T17:33:55","slug":"o-vereador-fabio-junior-teixeira-esta-fazendo-a-diferenca-em-jupi","status":"publish","type":"post","link":"https:\/\/jupi.pe.leg.br\/v3\/o-vereador-fabio-junior-teixeira-esta-fazendo-a-diferenca-em-jupi\/","title":{"rendered":"O Vereador F\u00e1bio J\u00fanior Teixeira est\u00e1 fazendo a diferen\u00e7a em Jupi!"},"content":{"rendered":"<p>&#x1f527;&#x1f306;&#x1f4aa; O Vereador F\u00e1bio J\u00fanior Teixeira est\u00e1 fazendo a diferen\u00e7a em Jupi! Com os requerimentos 099\/2023 e 100\/2023, ele est\u00e1 solicitando ao Prefeito Ant\u00f4nio Marcos Patriota a implanta\u00e7\u00e3o de pavimenta\u00e7\u00e3o e o alargamento de estradas em nosso munic\u00edpio. Essas medidas visam tornar nossas vias mais acess\u00edveis e melhorar a qualidade de vida de todos os moradores.<\/p>\n<p>&#x1f4a5;&#x1f6e3;&#xfe0f;&#x2728; Al\u00e9m disso, o vereador est\u00e1 empenhado em abrir uma nova estrada que conectar\u00e1 Pau-Ferro ao Povoado Col\u00f4nia, proporcionando mais op\u00e7\u00f5es de trajeto e valorizando a bela barragem. Vamos apoiar e reconhecer o trabalho incans\u00e1vel do Vereador F\u00e1bio J\u00fanior Teixeira, juntos podemos construir um futuro com mais mobilidade e progresso para Jupi!<\/p>\n<p><img loading=\"lazy\" decoding=\"async\" width=\"664\" height=\"836\" class=\"img-fluid aligncenter size-full wp-image-2234\" src=\"https:\/\/jupi.pe.leg.br\/v3\/wp-content\/uploads\/2023\/10\/Captura-de-tela-2023-10-05-155919.png\" alt=\"\" data-wp-pid=\"2234\" srcset=\"https:\/\/jupi.pe.leg.br\/v3\/wp-content\/uploads\/2023\/10\/Captura-de-tela-2023-10-05-155919.png 664w, https:\/\/jupi.pe.leg.br\/v3\/wp-content\/uploads\/2023\/10\/Captura-de-tela-2023-10-05-155919-238x300.png 238w\" sizes=\"auto, (max-width: 664px) 100vw, 664px\" \/><img loading=\"lazy\" decoding=\"async\" class=\"img-fluid aligncenter wp-image-2235\" src=\"https:\/\/jupi.pe.leg.br\/v3\/wp-content\/uploads\/2023\/10\/Captura-de-tela-2023-10-05-155953.png\" alt=\"\" width=\"664\" height=\"877\" data-wp-pid=\"2235\" srcset=\"https:\/\/jupi.pe.leg.br\/v3\/wp-content\/uploads\/2023\/10\/Captura-de-tela-2023-10-05-155953.png 636w, https:\/\/jupi.pe.leg.br\/v3\/wp-content\/uploads\/2023\/10\/Captura-de-tela-2023-10-05-155953-227x300.png 227w\" sizes=\"auto, (max-width: 664px) 100vw, 664px\" \/><img loading=\"lazy\" decoding=\"async\" class=\"img-fluid aligncenter wp-image-2237\" src=\"https:\/\/jupi.pe.leg.br\/v3\/wp-content\/uploads\/2023\/10\/Captura-de-tela-2023-10-05-160025.png\" alt=\"\" width=\"664\" height=\"843\" data-wp-pid=\"2237\" srcset=\"https:\/\/jupi.pe.leg.br\/v3\/wp-content\/uploads\/2023\/10\/Captura-de-tela-2023-10-05-160025.png 669w, https:\/\/jupi.pe.leg.br\/v3\/wp-content\/uploads\/2023\/10\/Captura-de-tela-2023-10-05-160025-236x300.png 236w\" sizes=\"auto, (max-width: 664px) 100vw, 664px\" \/><\/p>\n","protected":false},"excerpt":{"rendered":"<p>&#x1f527;&#x1f306;&#x1f4aa; O Vereador F\u00e1bio J\u00fanior Teixeira est\u00e1 fazendo a diferen\u00e7a em Jupi! Com os requerimentos 099\/2023 e 100\/2023, ele est\u00e1 solicitando ao Prefeito Ant\u00f4nio Marcos Patriota a implanta\u00e7\u00e3o de pavimenta\u00e7\u00e3o e o alargamento de estradas em nosso munic\u00edpio. Essas medidas <a class=\"leiamais\" href=\"https:\/\/jupi.pe.leg.br\/v3\/o-vereador-fabio-junior-teixeira-esta-fazendo-a-diferenca-em-jupi\/\">VER MAIS <i class=\"fa-solid fa-chevron-right\"><\/i><\/a><\/p>\n","protected":false},"author":2,"featured_media":2234,"comment_status":"open","ping_status":"open","sticky":false,"template":"","format":"standard","meta":{"_acf_changed":false,"footnotes":""},"categories":[4],"tags":[],"class_list":["post-2233","post","type-post","status-publish","format-standard","has-post-thumbnail","hentry","category-noticias","active"],"acf":[],"_links":{"self":[{"href":"https:\/\/jupi.pe.leg.br\/v3\/wp-json\/wp\/v2\/posts\/2233","targetHints":{"allow":["GET"]}}],"collection":[{"href":"https:\/\/jupi.pe.leg.br\/v3\/wp-json\/wp\/v2\/posts"}],"about":[{"href":"https:\/\/jupi.pe.leg.br\/v3\/wp-json\/wp\/v2\/types\/post"}],"author":[{"embeddable":true,"href":"https:\/\/jupi.pe.leg.br\/v3\/wp-json\/wp\/v2\/users\/2"}],"replies":[{"embeddable":true,"href":"https:\/\/jupi.pe.leg.br\/v3\/wp-json\/wp\/v2\/comments?post=2233"}],"version-history":[{"count":0,"href":"https:\/\/jupi.pe.leg.br\/v3\/wp-json\/wp\/v2\/posts\/2233\/revisions"}],"wp:featuredmedia":[{"embeddable":true,"href":"https:\/\/jupi.pe.leg.br\/v3\/wp-json\/wp\/v2\/media\/2234"}],"wp:attachment":[{"href":"https:\/\/jupi.pe.leg.br\/v3\/wp-json\/wp\/v2\/media?parent=2233"}],"wp:term":[{"taxonomy":"category","embeddable":true,"href":"https:\/\/jupi.pe.leg.br\/v3\/wp-json\/wp\/v2\/categories?post=2233"},{"taxonomy":"post_tag","embeddable":true,"href":"https:\/\/jupi.pe.leg.br\/v3\/wp-json\/wp\/v2\/tags?post=2233"}],"curies":[{"name":"wp","href":"https:\/\/api.w.org\/{rel}","templated":true}]}}