{"id":2230,"date":"2023-07-17T15:48:37","date_gmt":"2023-07-17T18:48:37","guid":{"rendered":"https:\/\/jupi.pe.leg.br\/v3\/?p=2230"},"modified":"2023-10-06T14:34:20","modified_gmt":"2023-10-06T17:34:20","slug":"grande-conquista-parabens-vereador-fabio-da-raposa","status":"publish","type":"post","link":"https:\/\/jupi.pe.leg.br\/v3\/grande-conquista-parabens-vereador-fabio-da-raposa\/","title":{"rendered":"Grande conquista! Parab\u00e9ns, vereador F\u00e1bio da Raposa"},"content":{"rendered":"<p>&#x1f389;&#x1f3c6;&#x1f31f;&#x1f4e3; Grande conquista! Parab\u00e9ns, vereador F\u00e1bio da Raposa, por se tornar o vereador mais atuante de Jupi! &#x1f64c;&#x1f44f;&#x1f4aa;<\/p>\n<p>&#x1f465;&#x1f499; Sua dedica\u00e7\u00e3o incans\u00e1vel em defesa dos que mais precisam \u00e9 digna de aplausos! &#x1f499;&#x1f91d;&#x2728; Com muita luta e disposi\u00e7\u00e3o, voc\u00ea tem mostrado um compromisso exemplar com o povo de nossa querida cidade. &#x1f306;&#x1f333;<\/p>\n<p>&#x2705;&#x1f4bc;&#x1f5f3; Sua atua\u00e7\u00e3o como vereador tem sido marcada pela tradi\u00e7\u00e3o em buscar solu\u00e7\u00f5es e trazer benef\u00edcios para a popula\u00e7\u00e3o. Suas propostas e projetos t\u00eam impactado positivamente a vida de muitos jupienses. &#x1f3d8;&#xfe0f;&#x1f4a1;&#x1f4c8;<\/p>\n<p>&#x1f465;&#x1f64c; Acreditamos que \u00e9 fundamental reconhecer e honrar o trabalho daqueles que est\u00e3o engajados em transformar nossa cidade em um lugar melhor para todos. E voc\u00ea, vereador F\u00e1bio, \u00e9 um verdadeiro exemplo de representante dedicado! &#x1f44d;&#x1f44a;<\/p>\n<p>&#x1f3c5;&#x1f451; Sua premia\u00e7\u00e3o como vereador mais atuante \u00e9 mais do que merecida! Ela reflete o reconhecimento da popula\u00e7\u00e3o pelo seu esfor\u00e7o em fazer a diferen\u00e7a e defender os interesses coletivos. &#x1f64f;&#x1f929;<\/p>\n<p>&#x1f31f;&#x1f4aa; Seguiremos ao seu lado, confiantes de que continuar desempenhando um papel essencial na constru\u00e7\u00e3o de um futuro melhor para Jupi. Conte sempre com o nosso apoio e gratid\u00e3o! &#x1f64c;&#x1f44f;&#x1f917;<\/p>\n<div style=\"width: 1080px;\" class=\"wp-video\"><video class=\"wp-video-shortcode\" id=\"video-2230-1\" width=\"1080\" height=\"1920\" preload=\"metadata\" controls=\"controls\"><source type=\"video\/mp4\" src=\"https:\/\/jupi.pe.leg.br\/v3\/wp-content\/uploads\/2023\/10\/Grande-conquista-Parabens-vereador-Fabio.mp4?_=1\" \/><a href=\"https:\/\/jupi.pe.leg.br\/v3\/wp-content\/uploads\/2023\/10\/Grande-conquista-Parabens-vereador-Fabio.mp4\">https:\/\/jupi.pe.leg.br\/v3\/wp-content\/uploads\/2023\/10\/Grande-conquista-Parabens-vereador-Fabio.mp4<\/a><\/video><\/div>\n<p>&nbsp;<\/p>\n","protected":false},"excerpt":{"rendered":"<p>&#x1f389;&#x1f3c6;&#x1f31f;&#x1f4e3; Grande conquista! Parab\u00e9ns, vereador F\u00e1bio da Raposa, por se tornar o vereador mais atuante de Jupi! &#x1f64c;&#x1f44f;&#x1f4aa; &#x1f465;&#x1f499; Sua dedica\u00e7\u00e3o incans\u00e1vel em defesa dos que mais precisam \u00e9 digna de aplausos! &#x1f499;&#x1f91d;&#x2728; Com muita luta e disposi\u00e7\u00e3o, voc\u00ea tem <a class=\"leiamais\" href=\"https:\/\/jupi.pe.leg.br\/v3\/grande-conquista-parabens-vereador-fabio-da-raposa\/\">VER MAIS <i class=\"fa-solid fa-chevron-right\"><\/i><\/a><\/p>\n","protected":false},"author":2,"featured_media":0,"comment_status":"open","ping_status":"open","sticky":false,"template":"","format":"standard","meta":{"_acf_changed":false,"footnotes":""},"categories":[4],"tags":[],"class_list":["post-2230","post","type-post","status-publish","format-standard","hentry","category-noticias","active"],"acf":[],"_links":{"self":[{"href":"https:\/\/jupi.pe.leg.br\/v3\/wp-json\/wp\/v2\/posts\/2230","targetHints":{"allow":["GET"]}}],"collection":[{"href":"https:\/\/jupi.pe.leg.br\/v3\/wp-json\/wp\/v2\/posts"}],"about":[{"href":"https:\/\/jupi.pe.leg.br\/v3\/wp-json\/wp\/v2\/types\/post"}],"author":[{"embeddable":true,"href":"https:\/\/jupi.pe.leg.br\/v3\/wp-json\/wp\/v2\/users\/2"}],"replies":[{"embeddable":true,"href":"https:\/\/jupi.pe.leg.br\/v3\/wp-json\/wp\/v2\/comments?post=2230"}],"version-history":[{"count":0,"href":"https:\/\/jupi.pe.leg.br\/v3\/wp-json\/wp\/v2\/posts\/2230\/revisions"}],"wp:attachment":[{"href":"https:\/\/jupi.pe.leg.br\/v3\/wp-json\/wp\/v2\/media?parent=2230"}],"wp:term":[{"taxonomy":"category","embeddable":true,"href":"https:\/\/jupi.pe.leg.br\/v3\/wp-json\/wp\/v2\/categories?post=2230"},{"taxonomy":"post_tag","embeddable":true,"href":"https:\/\/jupi.pe.leg.br\/v3\/wp-json\/wp\/v2\/tags?post=2230"}],"curies":[{"name":"wp","href":"https:\/\/api.w.org\/{rel}","templated":true}]}}