{"id":2224,"date":"2023-07-12T15:38:32","date_gmt":"2023-07-12T18:38:32","guid":{"rendered":"https:\/\/jupi.pe.leg.br\/v3\/?p=2224"},"modified":"2023-10-05T15:44:39","modified_gmt":"2023-10-05T18:44:39","slug":"camara-e-assistencia-social-se-unindo-por-uma-jupi-melhor","status":"publish","type":"post","link":"https:\/\/jupi.pe.leg.br\/v3\/camara-e-assistencia-social-se-unindo-por-uma-jupi-melhor\/","title":{"rendered":"C\u00e2mara e Assist\u00eancia Social se unindo por uma Jupi melhor!"},"content":{"rendered":"<p>C\u00e2mara e Assist\u00eancia Social juntos por Jupi &#x1f49a;&#x1f499;<\/p>\n<div style=\"width: 1080px;\" class=\"wp-video\"><video class=\"wp-video-shortcode\" id=\"video-2224-1\" width=\"1080\" height=\"1920\" preload=\"metadata\" controls=\"controls\"><source type=\"video\/mp4\" src=\"https:\/\/jupi.pe.leg.br\/v3\/wp-content\/uploads\/2023\/10\/Camara-e-Assistencia-Social-juntos-por-Jupi.mp4?_=1\" \/><a href=\"https:\/\/jupi.pe.leg.br\/v3\/wp-content\/uploads\/2023\/10\/Camara-e-Assistencia-Social-juntos-por-Jupi.mp4\">https:\/\/jupi.pe.leg.br\/v3\/wp-content\/uploads\/2023\/10\/Camara-e-Assistencia-Social-juntos-por-Jupi.mp4<\/a><\/video><\/div>\n","protected":false},"excerpt":{"rendered":"<p>C\u00e2mara e Assist\u00eancia Social juntos por Jupi &#x1f49a;&#x1f499;<\/p>\n","protected":false},"author":2,"featured_media":0,"comment_status":"open","ping_status":"open","sticky":false,"template":"","format":"standard","meta":{"_acf_changed":false,"footnotes":""},"categories":[4],"tags":[],"class_list":["post-2224","post","type-post","status-publish","format-standard","hentry","category-noticias","active"],"acf":[],"_links":{"self":[{"href":"https:\/\/jupi.pe.leg.br\/v3\/wp-json\/wp\/v2\/posts\/2224","targetHints":{"allow":["GET"]}}],"collection":[{"href":"https:\/\/jupi.pe.leg.br\/v3\/wp-json\/wp\/v2\/posts"}],"about":[{"href":"https:\/\/jupi.pe.leg.br\/v3\/wp-json\/wp\/v2\/types\/post"}],"author":[{"embeddable":true,"href":"https:\/\/jupi.pe.leg.br\/v3\/wp-json\/wp\/v2\/users\/2"}],"replies":[{"embeddable":true,"href":"https:\/\/jupi.pe.leg.br\/v3\/wp-json\/wp\/v2\/comments?post=2224"}],"version-history":[{"count":0,"href":"https:\/\/jupi.pe.leg.br\/v3\/wp-json\/wp\/v2\/posts\/2224\/revisions"}],"wp:attachment":[{"href":"https:\/\/jupi.pe.leg.br\/v3\/wp-json\/wp\/v2\/media?parent=2224"}],"wp:term":[{"taxonomy":"category","embeddable":true,"href":"https:\/\/jupi.pe.leg.br\/v3\/wp-json\/wp\/v2\/categories?post=2224"},{"taxonomy":"post_tag","embeddable":true,"href":"https:\/\/jupi.pe.leg.br\/v3\/wp-json\/wp\/v2\/tags?post=2224"}],"curies":[{"name":"wp","href":"https:\/\/api.w.org\/{rel}","templated":true}]}}