{"id":2215,"date":"2023-07-10T15:33:03","date_gmt":"2023-07-10T18:33:03","guid":{"rendered":"https:\/\/jupi.pe.leg.br\/v3\/?p=2215"},"modified":"2023-10-06T14:36:52","modified_gmt":"2023-10-06T17:36:52","slug":"destaque-especial-para-o-vereador-antonio-da-colonia","status":"publish","type":"post","link":"https:\/\/jupi.pe.leg.br\/v3\/destaque-especial-para-o-vereador-antonio-da-colonia\/","title":{"rendered":"Destaque especial para o vereador Ant\u00f4nio da Col\u00f4nia!"},"content":{"rendered":"<p>&#x1f31f;&#x2728; Destaque especial para o vereador Ant\u00f4nio da Col\u00f4nia! &#x1f31f;&#x2728;<\/p>\n<p>&#x1f4e3;&#x1f3db;&#xfe0f; O vereador Ant\u00f4nio da Col\u00f4nia tem se destacado na defesa dos interesses da nossa querida Col\u00f4nia! Com os requerimentos N\u00b0. 096\/2023 e 097\/2023, ele mostra seu compromisso em melhorar nossa cidade e honrar nosso patrim\u00f4nio. &#x1f44f;&#x1f306;<\/p>\n<p>No primeiro requerimento, ele solicita ao Exm\u00b0 Prefeito Ant\u00f4nio Marcos Patriota, por meio da Secretaria de Infraestrutura e Servi\u00e7os Urbanos, a constru\u00e7\u00e3o da pavimenta\u00e7\u00e3o asf\u00e1ltica das ruas principais do Povoado Col\u00f4nia, assim como o cal\u00e7amento das demais ruas ainda n\u00e3o contempladas. &#x1f6a7;&#x1f6e3;&#xfe0f;<\/p>\n<p>J\u00e1 no segundo requerimento, o vereador Ant\u00f4nio da Col\u00f4nia refor\u00e7a a import\u00e2ncia da reforma da Lavanderia P\u00fablica pr\u00f3xima ao antigo &#8220;tanque&#8221;, na entrada do Povoado Col\u00f4nia, al\u00e9m da constru\u00e7\u00e3o do sistema de esgotamento sanit\u00e1rio entre a lavanderia p\u00fablica e a Sacaria Bom Jesus, na mesma localidade. &#x1f4a6;&#x1f6b0;<\/p>\n<p>Com sua dedica\u00e7\u00e3o e empenho, o vereador Ant\u00f4nio da Col\u00f4nia est\u00e1 em busca de melhorias, preserva\u00e7\u00e3o e embelezamento de nossa Pra\u00e7a Nossa Senhora do Perp\u00e9tuo Socorro e das ruas que comp\u00f5em nosso povoado. &#x1f4aa;&#x1f3fc;&#x1f333;&#x1f338;<\/p>\n<p>Agradecemos ao vereador Ant\u00f4nio da Col\u00f4nia por sua luta incans\u00e1vel em prol do nosso progresso! Juntos, vamos construir uma Col\u00f4nia cada vez melhor! &#x1f64c;&#x1f3fc;&#x1f3e2;&#x1f499;<\/p>\n<p><a class=\"x1i10hfl xjbqb8w x6umtig x1b1mbwd xaqea5y xav7gou x9f619 x1ypdohk xt0psk2 xe8uvvx xdj266r x11i5rnm xat24cr x1mh8g0r xexx8yu x4uap5 x18d9i69 xkhd6sd x16tdsg8 x1hl2dhg xggy1nq x1a2a7pz _aa9_ _a6hd\" tabindex=\"0\" role=\"link\" href=\"https:\/\/www.instagram.com\/explore\/tags\/jupiemdesenvolvimento\/\"><img loading=\"lazy\" decoding=\"async\" width=\"660\" height=\"838\" class=\"img-fluid aligncenter size-full wp-image-2216\" src=\"https:\/\/jupi.pe.leg.br\/v3\/wp-content\/uploads\/2023\/10\/Captura-de-tela-2023-10-05-153014.png\" alt=\"\" data-wp-pid=\"2216\" srcset=\"https:\/\/jupi.pe.leg.br\/v3\/wp-content\/uploads\/2023\/10\/Captura-de-tela-2023-10-05-153014.png 660w, https:\/\/jupi.pe.leg.br\/v3\/wp-content\/uploads\/2023\/10\/Captura-de-tela-2023-10-05-153014-236x300.png 236w\" sizes=\"auto, (max-width: 660px) 100vw, 660px\" \/><img loading=\"lazy\" decoding=\"async\" class=\"img-fluid aligncenter wp-image-2217\" src=\"https:\/\/jupi.pe.leg.br\/v3\/wp-content\/uploads\/2023\/10\/Captura-de-tela-2023-10-05-153141.png\" alt=\"\" width=\"661\" height=\"865\" data-wp-pid=\"2217\" srcset=\"https:\/\/jupi.pe.leg.br\/v3\/wp-content\/uploads\/2023\/10\/Captura-de-tela-2023-10-05-153141.png 640w, https:\/\/jupi.pe.leg.br\/v3\/wp-content\/uploads\/2023\/10\/Captura-de-tela-2023-10-05-153141-229x300.png 229w\" sizes=\"auto, (max-width: 661px) 100vw, 661px\" \/><img loading=\"lazy\" decoding=\"async\" class=\"img-fluid aligncenter wp-image-2218\" src=\"https:\/\/jupi.pe.leg.br\/v3\/wp-content\/uploads\/2023\/10\/Captura-de-tela-2023-10-05-153235.png\" alt=\"\" width=\"661\" height=\"823\" data-wp-pid=\"2218\" srcset=\"https:\/\/jupi.pe.leg.br\/v3\/wp-content\/uploads\/2023\/10\/Captura-de-tela-2023-10-05-153235.png 671w, https:\/\/jupi.pe.leg.br\/v3\/wp-content\/uploads\/2023\/10\/Captura-de-tela-2023-10-05-153235-241x300.png 241w\" sizes=\"auto, (max-width: 661px) 100vw, 661px\" \/><\/a><\/p>\n","protected":false},"excerpt":{"rendered":"<p>&#x1f31f;&#x2728; Destaque especial para o vereador Ant\u00f4nio da Col\u00f4nia! &#x1f31f;&#x2728; &#x1f4e3;&#x1f3db;&#xfe0f; O vereador Ant\u00f4nio da Col\u00f4nia tem se destacado na defesa dos interesses da nossa querida Col\u00f4nia! Com os requerimentos N\u00b0. 096\/2023 e 097\/2023, ele mostra seu compromisso em melhorar <a class=\"leiamais\" href=\"https:\/\/jupi.pe.leg.br\/v3\/destaque-especial-para-o-vereador-antonio-da-colonia\/\">VER MAIS <i class=\"fa-solid fa-chevron-right\"><\/i><\/a><\/p>\n","protected":false},"author":2,"featured_media":2216,"comment_status":"open","ping_status":"open","sticky":false,"template":"","format":"standard","meta":{"_acf_changed":false,"footnotes":""},"categories":[4],"tags":[],"class_list":["post-2215","post","type-post","status-publish","format-standard","has-post-thumbnail","hentry","category-noticias","active"],"acf":[],"_links":{"self":[{"href":"https:\/\/jupi.pe.leg.br\/v3\/wp-json\/wp\/v2\/posts\/2215","targetHints":{"allow":["GET"]}}],"collection":[{"href":"https:\/\/jupi.pe.leg.br\/v3\/wp-json\/wp\/v2\/posts"}],"about":[{"href":"https:\/\/jupi.pe.leg.br\/v3\/wp-json\/wp\/v2\/types\/post"}],"author":[{"embeddable":true,"href":"https:\/\/jupi.pe.leg.br\/v3\/wp-json\/wp\/v2\/users\/2"}],"replies":[{"embeddable":true,"href":"https:\/\/jupi.pe.leg.br\/v3\/wp-json\/wp\/v2\/comments?post=2215"}],"version-history":[{"count":0,"href":"https:\/\/jupi.pe.leg.br\/v3\/wp-json\/wp\/v2\/posts\/2215\/revisions"}],"wp:featuredmedia":[{"embeddable":true,"href":"https:\/\/jupi.pe.leg.br\/v3\/wp-json\/wp\/v2\/media\/2216"}],"wp:attachment":[{"href":"https:\/\/jupi.pe.leg.br\/v3\/wp-json\/wp\/v2\/media?parent=2215"}],"wp:term":[{"taxonomy":"category","embeddable":true,"href":"https:\/\/jupi.pe.leg.br\/v3\/wp-json\/wp\/v2\/categories?post=2215"},{"taxonomy":"post_tag","embeddable":true,"href":"https:\/\/jupi.pe.leg.br\/v3\/wp-json\/wp\/v2\/tags?post=2215"}],"curies":[{"name":"wp","href":"https:\/\/api.w.org\/{rel}","templated":true}]}}