{"id":2212,"date":"2023-10-05T15:21:28","date_gmt":"2023-10-05T18:21:28","guid":{"rendered":"https:\/\/jupi.pe.leg.br\/v3\/?p=2212"},"modified":"2023-10-05T15:21:28","modified_gmt":"2023-10-05T18:21:28","slug":"mocao-001-2023","status":"publish","type":"post","link":"https:\/\/jupi.pe.leg.br\/v3\/mocao-001-2023\/","title":{"rendered":"Mo\u00e7\u00e3o 001\/2023"},"content":{"rendered":"<p>O Vereador que ao presente subscreve, com assento nesta Colenda Casa de Leis, vem, depois de cumpridas as formalidades regimentais e ouvido o Plen\u00e1rio, requerer a Vossa Excel\u00eancia, que se digne a encaminhar expediente com a seguinte MO\u00c7\u00c3O DE APOIO AO CONGRESSO NACIONAL, em virtude da tentativa de legaliza\u00e7\u00e3o do aborto por meio da ADPF n\u00ba. 442, a fim de garantir as prerrogativas constitucionais e republicanas das compet\u00eancias do Poder Legislativo e de evitar um passivei ativismo judicial por parte do Supremo Tribunal Federal.<\/p>\n","protected":false},"excerpt":{"rendered":"<p>O Vereador que ao presente subscreve, com assento nesta Colenda Casa de Leis, vem, depois de cumpridas as formalidades regimentais e ouvido o Plen\u00e1rio, requerer a Vossa Excel\u00eancia, que se digne a encaminhar expediente com a seguinte MO\u00c7\u00c3O DE APOIO <a class=\"leiamais\" href=\"https:\/\/jupi.pe.leg.br\/v3\/mocao-001-2023\/\">VER MAIS <i class=\"fa-solid fa-chevron-right\"><\/i><\/a><\/p>\n","protected":false},"author":2,"featured_media":0,"comment_status":"open","ping_status":"open","sticky":false,"template":"","format":"standard","meta":{"_acf_changed":false,"footnotes":""},"categories":[13,5],"tags":[],"class_list":["post-2212","post","type-post","status-publish","format-standard","hentry","category-ver_toinho","category-vereadores","active"],"acf":[],"_links":{"self":[{"href":"https:\/\/jupi.pe.leg.br\/v3\/wp-json\/wp\/v2\/posts\/2212","targetHints":{"allow":["GET"]}}],"collection":[{"href":"https:\/\/jupi.pe.leg.br\/v3\/wp-json\/wp\/v2\/posts"}],"about":[{"href":"https:\/\/jupi.pe.leg.br\/v3\/wp-json\/wp\/v2\/types\/post"}],"author":[{"embeddable":true,"href":"https:\/\/jupi.pe.leg.br\/v3\/wp-json\/wp\/v2\/users\/2"}],"replies":[{"embeddable":true,"href":"https:\/\/jupi.pe.leg.br\/v3\/wp-json\/wp\/v2\/comments?post=2212"}],"version-history":[{"count":0,"href":"https:\/\/jupi.pe.leg.br\/v3\/wp-json\/wp\/v2\/posts\/2212\/revisions"}],"wp:attachment":[{"href":"https:\/\/jupi.pe.leg.br\/v3\/wp-json\/wp\/v2\/media?parent=2212"}],"wp:term":[{"taxonomy":"category","embeddable":true,"href":"https:\/\/jupi.pe.leg.br\/v3\/wp-json\/wp\/v2\/categories?post=2212"},{"taxonomy":"post_tag","embeddable":true,"href":"https:\/\/jupi.pe.leg.br\/v3\/wp-json\/wp\/v2\/tags?post=2212"}],"curies":[{"name":"wp","href":"https:\/\/api.w.org\/{rel}","templated":true}]}}