{"id":2184,"date":"2023-06-26T19:40:38","date_gmt":"2023-06-26T22:40:38","guid":{"rendered":"https:\/\/jupi.pe.leg.br\/v3\/?p=2184"},"modified":"2023-10-04T19:49:59","modified_gmt":"2023-10-04T22:49:59","slug":"energia-solar-para-familias-carentes","status":"publish","type":"post","link":"https:\/\/jupi.pe.leg.br\/v3\/energia-solar-para-familias-carentes\/","title":{"rendered":"Energia solar para fam\u00edlias carentes!"},"content":{"rendered":"<p>&#x1f31e;&#x1f331; Energia solar para fam\u00edlias carentes!<\/p>\n<p>&#x1f3e0;&#x1f4a1; O Vereador F\u00e1bio J\u00fanior Teixeira apresentou o Requerimento n\u00b0 088\/2023, solicitando ao Prefeito Ant\u00f4nio Marcos Patriota a implanta\u00e7\u00e3o de pain\u00e9is solares para as fam\u00edlias de baixa renda inscritas no Cad\u00danico. Vamos iluminar vidas e construir um futuro mais sustent\u00e1vel! &#x1f49a;&#x2728;<\/p>\n<p>&#x1f331;&#x1f33e; Gramas de qualidade para nossos agricultores!<\/p>\n<p>&#x1f69c;&#x2705; No Requerimento n\u00b0 089\/2023, o Vereador F\u00e1bio J\u00fanior Teixeira pede ao Prefeito Ant\u00f4nio Marcos Patriota, por meio da Secretaria de Agricultura e Desenvolvimento Econ\u00f4mico, a aquisi\u00e7\u00e3o das variedades de gramas Estrela Africana Roxa e T\u00edfton-85.<\/p>\n<p>Vamos fortalecer a agricultura local e promover o crescimento de nossos valiosos agricultores! &#x1f33f;&#x1f31f;<\/p>\n<p>&#x1f64c;&#x1f5e3;&#xfe0f; O Vereador F\u00e1bio J\u00fanior Teixeira \u00e9 a voz da mudan\u00e7a em Jupi! Com a apresenta\u00e7\u00e3o dos Requerimentos n\u00b0 088\/2023 e 089\/2023, ele mostra seu compromisso em melhorar a vida de nossa comunidade. Energia solar para as fam\u00edlias de baixa renda e gramas de qualidade para nossos agricultores. Vamos apoiar e seguir em frente rumo a um futuro mais pr\u00f3spero e sustent\u00e1vel! &#x1f4aa;&#x1f31e;&#x1f49a;<\/p>\n<p><a class=\"x1i10hfl xjbqb8w x6umtig x1b1mbwd xaqea5y xav7gou x9f619 x1ypdohk xt0psk2 xe8uvvx xdj266r x11i5rnm xat24cr x1mh8g0r xexx8yu x4uap5 x18d9i69 xkhd6sd x16tdsg8 x1hl2dhg xggy1nq x1a2a7pz _aa9_ _a6hd\" tabindex=\"0\" role=\"link\" href=\"https:\/\/www.instagram.com\/explore\/tags\/jupiema%C3%A7%C3%A3o\/\">#JupiEmA\u00e7\u00e3o<\/a>\u00a0<a class=\"x1i10hfl xjbqb8w x6umtig x1b1mbwd xaqea5y xav7gou x9f619 x1ypdohk xt0psk2 xe8uvvx xdj266r x11i5rnm xat24cr x1mh8g0r xexx8yu x4uap5 x18d9i69 xkhd6sd x16tdsg8 x1hl2dhg xggy1nq x1a2a7pz _aa9_ _a6hd\" tabindex=\"0\" role=\"link\" href=\"https:\/\/www.instagram.com\/explore\/tags\/vereadorcomprometido\/\">#VereadorComprometido<img loading=\"lazy\" decoding=\"async\" width=\"687\" height=\"836\" class=\"img-fluid aligncenter size-full wp-image-2185\" src=\"https:\/\/jupi.pe.leg.br\/v3\/wp-content\/uploads\/2023\/10\/Captura-de-tela-2023-10-04-194342.png\" alt=\"\" data-wp-pid=\"2185\" srcset=\"https:\/\/jupi.pe.leg.br\/v3\/wp-content\/uploads\/2023\/10\/Captura-de-tela-2023-10-04-194342.png 687w, https:\/\/jupi.pe.leg.br\/v3\/wp-content\/uploads\/2023\/10\/Captura-de-tela-2023-10-04-194342-247x300.png 247w\" sizes=\"auto, (max-width: 687px) 100vw, 687px\" \/><img loading=\"lazy\" decoding=\"async\" class=\"img-fluid aligncenter wp-image-2186\" src=\"https:\/\/jupi.pe.leg.br\/v3\/wp-content\/uploads\/2023\/10\/Captura-de-tela-2023-10-04-194615.png\" alt=\"\" width=\"686\" height=\"894\" data-wp-pid=\"2186\" srcset=\"https:\/\/jupi.pe.leg.br\/v3\/wp-content\/uploads\/2023\/10\/Captura-de-tela-2023-10-04-194615.png 664w, https:\/\/jupi.pe.leg.br\/v3\/wp-content\/uploads\/2023\/10\/Captura-de-tela-2023-10-04-194615-230x300.png 230w\" sizes=\"auto, (max-width: 686px) 100vw, 686px\" \/><img loading=\"lazy\" decoding=\"async\" class=\"img-fluid aligncenter wp-image-2187\" src=\"https:\/\/jupi.pe.leg.br\/v3\/wp-content\/uploads\/2023\/10\/Captura-de-tela-2023-10-04-194726.png\" alt=\"\" width=\"687\" height=\"859\" data-wp-pid=\"2187\" srcset=\"https:\/\/jupi.pe.leg.br\/v3\/wp-content\/uploads\/2023\/10\/Captura-de-tela-2023-10-04-194726.png 693w, https:\/\/jupi.pe.leg.br\/v3\/wp-content\/uploads\/2023\/10\/Captura-de-tela-2023-10-04-194726-240x300.png 240w\" sizes=\"auto, (max-width: 687px) 100vw, 687px\" \/><\/a><\/p>\n","protected":false},"excerpt":{"rendered":"<p>&#x1f31e;&#x1f331; Energia solar para fam\u00edlias carentes! &#x1f3e0;&#x1f4a1; O Vereador F\u00e1bio J\u00fanior Teixeira apresentou o Requerimento n\u00b0 088\/2023, solicitando ao Prefeito Ant\u00f4nio Marcos Patriota a implanta\u00e7\u00e3o de pain\u00e9is solares para as fam\u00edlias de baixa renda inscritas no Cad\u00danico. Vamos iluminar vidas <a class=\"leiamais\" href=\"https:\/\/jupi.pe.leg.br\/v3\/energia-solar-para-familias-carentes\/\">VER MAIS <i class=\"fa-solid fa-chevron-right\"><\/i><\/a><\/p>\n","protected":false},"author":2,"featured_media":0,"comment_status":"open","ping_status":"open","sticky":false,"template":"","format":"standard","meta":{"_acf_changed":false,"footnotes":""},"categories":[4],"tags":[],"class_list":["post-2184","post","type-post","status-publish","format-standard","hentry","category-noticias","active"],"acf":[],"_links":{"self":[{"href":"https:\/\/jupi.pe.leg.br\/v3\/wp-json\/wp\/v2\/posts\/2184","targetHints":{"allow":["GET"]}}],"collection":[{"href":"https:\/\/jupi.pe.leg.br\/v3\/wp-json\/wp\/v2\/posts"}],"about":[{"href":"https:\/\/jupi.pe.leg.br\/v3\/wp-json\/wp\/v2\/types\/post"}],"author":[{"embeddable":true,"href":"https:\/\/jupi.pe.leg.br\/v3\/wp-json\/wp\/v2\/users\/2"}],"replies":[{"embeddable":true,"href":"https:\/\/jupi.pe.leg.br\/v3\/wp-json\/wp\/v2\/comments?post=2184"}],"version-history":[{"count":0,"href":"https:\/\/jupi.pe.leg.br\/v3\/wp-json\/wp\/v2\/posts\/2184\/revisions"}],"wp:attachment":[{"href":"https:\/\/jupi.pe.leg.br\/v3\/wp-json\/wp\/v2\/media?parent=2184"}],"wp:term":[{"taxonomy":"category","embeddable":true,"href":"https:\/\/jupi.pe.leg.br\/v3\/wp-json\/wp\/v2\/categories?post=2184"},{"taxonomy":"post_tag","embeddable":true,"href":"https:\/\/jupi.pe.leg.br\/v3\/wp-json\/wp\/v2\/tags?post=2184"}],"curies":[{"name":"wp","href":"https:\/\/api.w.org\/{rel}","templated":true}]}}