{"id":2172,"date":"2023-06-20T19:07:35","date_gmt":"2023-06-20T22:07:35","guid":{"rendered":"https:\/\/jupi.pe.leg.br\/v3\/?p=2172"},"modified":"2023-10-04T19:14:14","modified_gmt":"2023-10-04T22:14:14","slug":"chegou-a-hora-de-valorizar-nossa-cidade-e-nossos-talentos","status":"publish","type":"post","link":"https:\/\/jupi.pe.leg.br\/v3\/chegou-a-hora-de-valorizar-nossa-cidade-e-nossos-talentos\/","title":{"rendered":"Chegou a hora de valorizar nossa cidade e nossos talentos!"},"content":{"rendered":"<p>&#x1f31f;&#x1f4e3; Chegou a hora de valorizar nossa cidade e nossos talentos!<\/p>\n<p>&#x1f4aa;&#x1f64c; O vereador Luiz Ricardo est\u00e1 trabalhando incansavelmente por Jupi e apresentou dois requerimentos que v\u00e3o fazer a diferen\u00e7a em nossa comunidade. &#x1f3db;&#xfe0f;&#x2728;<\/p>\n<p>No Requerimento N\u00b0. 090\/2023, o vereador solicitou ao Exm\u00b0. Prefeito, Sr. Ant\u00f4nio Marcos Patriota, atrav\u00e9s da Secretaria Municipal de Infraestrutura e Servi\u00e7os Urbanos, a constru\u00e7\u00e3o em paralelep\u00edpedo ou asfalto da estrada que liga o Povoado Santa Rita ao nosso munic\u00edpio, at\u00e9 a BR 423.<\/p>\n<p>&#x1f6e3;&#xfe0f;&#x1f697; Essa melhoria trar\u00e1 mais seguran\u00e7a, mobilidade e qualidade de vida para todos que transitam por essa via t\u00e3o importante.<\/p>\n<p>E no Requerimento N\u00b0. 091\/2023, o vereador fez um veemente apelo ao Exm\u00b0. Prefeito, solicitando a implanta\u00e7\u00e3o de um espa\u00e7o dedicado \u00e0 comercializa\u00e7\u00e3o de artesanatos produzidos por nossos talentosos artistas locais, dentro do novo pr\u00e9dio do Centro Administrativo.<\/p>\n<p>&#x1f3a8;&#x1f4bc;&#x2728; Essa iniciativa n\u00e3o s\u00f3 incentiva nossa cultura e criatividade, mas tamb\u00e9m fomenta o empreendedorismo local, fortalecendo a economia de Jupi.<\/p>\n<p>Vamos apoiar esses requerimentos e mostrar o poder da uni\u00e3o em prol do desenvolvimento da nossa cidade!<\/p>\n<p>&#x1f499; Juntos, podemos construir um futuro ainda mais promissor. Parab\u00e9ns ao vereador Luiz Ricardo por sua dedica\u00e7\u00e3o incans\u00e1vel em buscar melhorias para Jupi!<\/p>\n<p><a class=\"x1i10hfl xjbqb8w x6umtig x1b1mbwd xaqea5y xav7gou x9f619 x1ypdohk xt0psk2 xe8uvvx xdj266r x11i5rnm xat24cr x1mh8g0r xexx8yu x4uap5 x18d9i69 xkhd6sd x16tdsg8 x1hl2dhg xggy1nq x1a2a7pz  _aa9_ _a6hd\" tabindex=\"0\" role=\"link\" href=\"https:\/\/www.instagram.com\/explore\/tags\/jupimelhor\/\">#JupiMelhor<\/a>\u00a0<a class=\"x1i10hfl xjbqb8w x6umtig x1b1mbwd xaqea5y xav7gou x9f619 x1ypdohk xt0psk2 xe8uvvx xdj266r x11i5rnm xat24cr x1mh8g0r xexx8yu x4uap5 x18d9i69 xkhd6sd x16tdsg8 x1hl2dhg xggy1nq x1a2a7pz  _aa9_ _a6hd\" tabindex=\"0\" role=\"link\" href=\"https:\/\/www.instagram.com\/explore\/tags\/a%C3%A7%C3%A3oquetransforma\/\">#A\u00e7\u00e3oQueTransforma<\/a>\u00a0<a class=\"x1i10hfl xjbqb8w x6umtig x1b1mbwd xaqea5y xav7gou x9f619 x1ypdohk xt0psk2 xe8uvvx xdj266r x11i5rnm xat24cr x1mh8g0r xexx8yu x4uap5 x18d9i69 xkhd6sd x16tdsg8 x1hl2dhg xggy1nq x1a2a7pz  _aa9_ _a6hd\" tabindex=\"0\" role=\"link\" href=\"https:\/\/www.instagram.com\/explore\/tags\/orgulhodonossovereador\/\">#OrgulhoDoNossoVereador<img loading=\"lazy\" decoding=\"async\" width=\"683\" height=\"853\" class=\"img-fluid aligncenter size-full wp-image-2173\" src=\"https:\/\/jupi.pe.leg.br\/v3\/wp-content\/uploads\/2023\/10\/Captura-de-tela-2023-10-04-190951.png\" alt=\"\" data-wp-pid=\"2173\" srcset=\"https:\/\/jupi.pe.leg.br\/v3\/wp-content\/uploads\/2023\/10\/Captura-de-tela-2023-10-04-190951.png 683w, https:\/\/jupi.pe.leg.br\/v3\/wp-content\/uploads\/2023\/10\/Captura-de-tela-2023-10-04-190951-240x300.png 240w\" sizes=\"auto, (max-width: 683px) 100vw, 683px\" \/><img loading=\"lazy\" decoding=\"async\" class=\"img-fluid aligncenter  wp-image-2174\" src=\"https:\/\/jupi.pe.leg.br\/v3\/wp-content\/uploads\/2023\/10\/Captura-de-tela-2023-10-04-191107.png\" alt=\"\" width=\"680\" height=\"897\" data-wp-pid=\"2174\" srcset=\"https:\/\/jupi.pe.leg.br\/v3\/wp-content\/uploads\/2023\/10\/Captura-de-tela-2023-10-04-191107.png 663w, https:\/\/jupi.pe.leg.br\/v3\/wp-content\/uploads\/2023\/10\/Captura-de-tela-2023-10-04-191107-227x300.png 227w\" sizes=\"auto, (max-width: 680px) 100vw, 680px\" \/><img loading=\"lazy\" decoding=\"async\" class=\"img-fluid aligncenter  wp-image-2175\" src=\"https:\/\/jupi.pe.leg.br\/v3\/wp-content\/uploads\/2023\/10\/Captura-de-tela-2023-10-04-191146.png\" alt=\"\" width=\"681\" height=\"861\" data-wp-pid=\"2175\" srcset=\"https:\/\/jupi.pe.leg.br\/v3\/wp-content\/uploads\/2023\/10\/Captura-de-tela-2023-10-04-191146.png 689w, https:\/\/jupi.pe.leg.br\/v3\/wp-content\/uploads\/2023\/10\/Captura-de-tela-2023-10-04-191146-237x300.png 237w\" sizes=\"auto, (max-width: 681px) 100vw, 681px\" \/><\/a><\/p>\n","protected":false},"excerpt":{"rendered":"<p>&#x1f31f;&#x1f4e3; Chegou a hora de valorizar nossa cidade e nossos talentos! &#x1f4aa;&#x1f64c; O vereador Luiz Ricardo est\u00e1 trabalhando incansavelmente por Jupi e apresentou dois requerimentos que v\u00e3o fazer a diferen\u00e7a em nossa comunidade. &#x1f3db;&#xfe0f;&#x2728; No Requerimento N\u00b0. 090\/2023, o vereador <a class=\"leiamais\" href=\"https:\/\/jupi.pe.leg.br\/v3\/chegou-a-hora-de-valorizar-nossa-cidade-e-nossos-talentos\/\">VER MAIS <i class=\"fa-solid fa-chevron-right\"><\/i><\/a><\/p>\n","protected":false},"author":2,"featured_media":2173,"comment_status":"open","ping_status":"open","sticky":false,"template":"","format":"standard","meta":{"_acf_changed":false,"footnotes":""},"categories":[4],"tags":[],"class_list":["post-2172","post","type-post","status-publish","format-standard","has-post-thumbnail","hentry","category-noticias","active"],"acf":[],"_links":{"self":[{"href":"https:\/\/jupi.pe.leg.br\/v3\/wp-json\/wp\/v2\/posts\/2172","targetHints":{"allow":["GET"]}}],"collection":[{"href":"https:\/\/jupi.pe.leg.br\/v3\/wp-json\/wp\/v2\/posts"}],"about":[{"href":"https:\/\/jupi.pe.leg.br\/v3\/wp-json\/wp\/v2\/types\/post"}],"author":[{"embeddable":true,"href":"https:\/\/jupi.pe.leg.br\/v3\/wp-json\/wp\/v2\/users\/2"}],"replies":[{"embeddable":true,"href":"https:\/\/jupi.pe.leg.br\/v3\/wp-json\/wp\/v2\/comments?post=2172"}],"version-history":[{"count":0,"href":"https:\/\/jupi.pe.leg.br\/v3\/wp-json\/wp\/v2\/posts\/2172\/revisions"}],"wp:featuredmedia":[{"embeddable":true,"href":"https:\/\/jupi.pe.leg.br\/v3\/wp-json\/wp\/v2\/media\/2173"}],"wp:attachment":[{"href":"https:\/\/jupi.pe.leg.br\/v3\/wp-json\/wp\/v2\/media?parent=2172"}],"wp:term":[{"taxonomy":"category","embeddable":true,"href":"https:\/\/jupi.pe.leg.br\/v3\/wp-json\/wp\/v2\/categories?post=2172"},{"taxonomy":"post_tag","embeddable":true,"href":"https:\/\/jupi.pe.leg.br\/v3\/wp-json\/wp\/v2\/tags?post=2172"}],"curies":[{"name":"wp","href":"https:\/\/api.w.org\/{rel}","templated":true}]}}