{"id":2167,"date":"2023-06-19T18:50:31","date_gmt":"2023-06-19T21:50:31","guid":{"rendered":"https:\/\/jupi.pe.leg.br\/v3\/?p=2167"},"modified":"2023-10-04T18:55:00","modified_gmt":"2023-10-04T21:55:00","slug":"vereador-antonio-da-colonia-transformando-jupi-para-melhor","status":"publish","type":"post","link":"https:\/\/jupi.pe.leg.br\/v3\/vereador-antonio-da-colonia-transformando-jupi-para-melhor\/","title":{"rendered":"Vereador Ant\u00f4nio da Col\u00f4nia transformando Jupi para melhor!"},"content":{"rendered":"<p>&#x1f31f;&#x1f4bc; Vereador Ant\u00f4nio da Col\u00f4nia transformando Jupi para melhor! &#x1f4aa;&#x1f3fc;&#x1f3e2;<\/p>\n<p>Seu incans\u00e1vel trabalho pela nossa comunidade est\u00e1 rendendo resultados incr\u00edveis!<\/p>\n<p>&#x1f44f;&#x1f3fc;&#x1f4a1; Apresentou dois novos requerimentos que v\u00e3o fazer a diferen\u00e7a em Jupi:<\/p>\n<p>No primeiro, o Vereador Ant\u00f4nio Pedro da Silva solicita a constru\u00e7\u00e3o do cal\u00e7amento e a instala\u00e7\u00e3o de lumin\u00e1rias no caminho que leva \u00e0 Capela do Cruzeiro. Assim, garantiremos um acesso seguro e iluminado para as pessoas que visitam esse local sagrado de ora\u00e7\u00e3o e penit\u00eancia. &#x1f64f;&#x1f3fc;&#x2728;<\/p>\n<p>J\u00e1 no segundo requerimento, o Vereador Ant\u00f4nio Pedro da Silva refor\u00e7a seu compromisso com a preserva\u00e7\u00e3o ambiental. Ele prop\u00f5e a contrata\u00e7\u00e3o de um funcion\u00e1rio dedicado aos cuidados com a arboriza\u00e7\u00e3o e a preserva\u00e7\u00e3o de toda a \u00e1rea, al\u00e9m da constru\u00e7\u00e3o de uma cerca com arame farpado, a reativa\u00e7\u00e3o do chafariz e a fixa\u00e7\u00e3o de placas que pro\u00edbam a\u00e7\u00f5es prejudiciais ao meio ambiente. &#x1f333;&#x1f6e1;&#xfe0f;<\/p>\n<p>Com a determina\u00e7\u00e3o e o comprometimento do Vereador Ant\u00f4nio Pedro da Silva, estamos construindo uma cidade cada vez mais pr\u00f3spera e sustent\u00e1vel! &#x1f306;<\/p>\n<p>&#x1f331; Juntos, podemos realizar grandes transforma\u00e7\u00f5es em Jupi! &#x1f499;&#x1f4aa;&#x1f3fc;<\/p>\n<p><a class=\"x1i10hfl xjbqb8w x6umtig x1b1mbwd xaqea5y xav7gou x9f619 x1ypdohk xt0psk2 xe8uvvx xdj266r x11i5rnm xat24cr x1mh8g0r xexx8yu x4uap5 x18d9i69 xkhd6sd x16tdsg8 x1hl2dhg xggy1nq x1a2a7pz  _aa9_ _a6hd\" tabindex=\"0\" role=\"link\" href=\"https:\/\/www.instagram.com\/explore\/tags\/jupimaisverde\/\">#JupiMaisVerde<\/a>\u00a0<a class=\"x1i10hfl xjbqb8w x6umtig x1b1mbwd xaqea5y xav7gou x9f619 x1ypdohk xt0psk2 xe8uvvx xdj266r x11i5rnm xat24cr x1mh8g0r xexx8yu x4uap5 x18d9i69 xkhd6sd x16tdsg8 x1hl2dhg xggy1nq x1a2a7pz  _aa9_ _a6hd\" tabindex=\"0\" role=\"link\" href=\"https:\/\/www.instagram.com\/explore\/tags\/jupimelhorada\/\">#JupiMelhorada<img loading=\"lazy\" decoding=\"async\" width=\"681\" height=\"836\" class=\"img-fluid aligncenter size-full wp-image-2168\" src=\"https:\/\/jupi.pe.leg.br\/v3\/wp-content\/uploads\/2023\/10\/Captura-de-tela-2023-10-04-185117.png\" alt=\"\" data-wp-pid=\"2168\" srcset=\"https:\/\/jupi.pe.leg.br\/v3\/wp-content\/uploads\/2023\/10\/Captura-de-tela-2023-10-04-185117.png 681w, https:\/\/jupi.pe.leg.br\/v3\/wp-content\/uploads\/2023\/10\/Captura-de-tela-2023-10-04-185117-244x300.png 244w\" sizes=\"auto, (max-width: 681px) 100vw, 681px\" \/><img loading=\"lazy\" decoding=\"async\" class=\"img-fluid aligncenter  wp-image-2169\" src=\"https:\/\/jupi.pe.leg.br\/v3\/wp-content\/uploads\/2023\/10\/Captura-de-tela-2023-10-04-185150.png\" alt=\"\" width=\"681\" height=\"873\" data-wp-pid=\"2169\" srcset=\"https:\/\/jupi.pe.leg.br\/v3\/wp-content\/uploads\/2023\/10\/Captura-de-tela-2023-10-04-185150.png 671w, https:\/\/jupi.pe.leg.br\/v3\/wp-content\/uploads\/2023\/10\/Captura-de-tela-2023-10-04-185150-234x300.png 234w\" sizes=\"auto, (max-width: 681px) 100vw, 681px\" \/><img loading=\"lazy\" decoding=\"async\" class=\"img-fluid aligncenter  wp-image-2170\" src=\"https:\/\/jupi.pe.leg.br\/v3\/wp-content\/uploads\/2023\/10\/Captura-de-tela-2023-10-04-185231.png\" alt=\"\" width=\"681\" height=\"856\" data-wp-pid=\"2170\" srcset=\"https:\/\/jupi.pe.leg.br\/v3\/wp-content\/uploads\/2023\/10\/Captura-de-tela-2023-10-04-185231.png 694w, https:\/\/jupi.pe.leg.br\/v3\/wp-content\/uploads\/2023\/10\/Captura-de-tela-2023-10-04-185231-239x300.png 239w\" sizes=\"auto, (max-width: 681px) 100vw, 681px\" \/><\/a><\/p>\n","protected":false},"excerpt":{"rendered":"<p>&#x1f31f;&#x1f4bc; Vereador Ant\u00f4nio da Col\u00f4nia transformando Jupi para melhor! &#x1f4aa;&#x1f3fc;&#x1f3e2; Seu incans\u00e1vel trabalho pela nossa comunidade est\u00e1 rendendo resultados incr\u00edveis! &#x1f44f;&#x1f3fc;&#x1f4a1; Apresentou dois novos requerimentos que v\u00e3o fazer a diferen\u00e7a em Jupi: No primeiro, o Vereador Ant\u00f4nio Pedro da Silva <a class=\"leiamais\" href=\"https:\/\/jupi.pe.leg.br\/v3\/vereador-antonio-da-colonia-transformando-jupi-para-melhor\/\">VER MAIS <i class=\"fa-solid fa-chevron-right\"><\/i><\/a><\/p>\n","protected":false},"author":2,"featured_media":0,"comment_status":"open","ping_status":"open","sticky":false,"template":"","format":"standard","meta":{"_acf_changed":false,"footnotes":""},"categories":[4],"tags":[],"class_list":["post-2167","post","type-post","status-publish","format-standard","hentry","category-noticias","active"],"acf":[],"_links":{"self":[{"href":"https:\/\/jupi.pe.leg.br\/v3\/wp-json\/wp\/v2\/posts\/2167","targetHints":{"allow":["GET"]}}],"collection":[{"href":"https:\/\/jupi.pe.leg.br\/v3\/wp-json\/wp\/v2\/posts"}],"about":[{"href":"https:\/\/jupi.pe.leg.br\/v3\/wp-json\/wp\/v2\/types\/post"}],"author":[{"embeddable":true,"href":"https:\/\/jupi.pe.leg.br\/v3\/wp-json\/wp\/v2\/users\/2"}],"replies":[{"embeddable":true,"href":"https:\/\/jupi.pe.leg.br\/v3\/wp-json\/wp\/v2\/comments?post=2167"}],"version-history":[{"count":0,"href":"https:\/\/jupi.pe.leg.br\/v3\/wp-json\/wp\/v2\/posts\/2167\/revisions"}],"wp:attachment":[{"href":"https:\/\/jupi.pe.leg.br\/v3\/wp-json\/wp\/v2\/media?parent=2167"}],"wp:term":[{"taxonomy":"category","embeddable":true,"href":"https:\/\/jupi.pe.leg.br\/v3\/wp-json\/wp\/v2\/categories?post=2167"},{"taxonomy":"post_tag","embeddable":true,"href":"https:\/\/jupi.pe.leg.br\/v3\/wp-json\/wp\/v2\/tags?post=2167"}],"curies":[{"name":"wp","href":"https:\/\/api.w.org\/{rel}","templated":true}]}}