{"id":2159,"date":"2023-06-18T18:35:47","date_gmt":"2023-06-18T21:35:47","guid":{"rendered":"https:\/\/jupi.pe.leg.br\/v3\/?p=2159"},"modified":"2023-10-04T18:44:20","modified_gmt":"2023-10-04T21:44:20","slug":"prepare-se-para-o-arraial-junino-de-jupi","status":"publish","type":"post","link":"https:\/\/jupi.pe.leg.br\/v3\/prepare-se-para-o-arraial-junino-de-jupi\/","title":{"rendered":"Prepare-se para o Arraial Junino de Jupi!"},"content":{"rendered":"<p>&#x1f4e3;&#x1f33d; Prepare-se para o Arraial Junino de Jupi! &#x1f389;&#x1f38a;<\/p>\n<p>&#x1f5d3;&#xfe0f; Dias 21, 22 e 28 de junho, a Pra\u00e7a Nossa Senhora do Ros\u00e1rio vai se transformar em um verdadeiro para\u00edso junino! &#x1f483;&#x1f57a;<\/p>\n<p>&#x1f389;&#x1f388; Em parceria com a Prefeitura de Jupi, a Vereadora Professora Rezilda Cavalcante realizou um requerimento incr\u00edvel para trazer essa festa maravilhosa para a nossa cidade!<\/p>\n<p>&#x1f31f;&#x1f3b6; Com muita m\u00fasica, dan\u00e7as t\u00edpicas e comidas deliciosas, as quadrilhas juninas das escolas v\u00e3o encantar a todos com suas apresenta\u00e7\u00f5es contagiantes!<\/p>\n<p>&#x1f33d;&#x1f361; Chame os amigos, a fam\u00edlia e venha se divertir nessa festan\u00e7a inesquec\u00edvel! N\u00e3o perca! &#x1f386;<\/p>\n<p><a class=\"x1i10hfl xjbqb8w x6umtig x1b1mbwd xaqea5y xav7gou x9f619 x1ypdohk xt0psk2 xe8uvvx xdj266r x11i5rnm xat24cr x1mh8g0r xexx8yu x4uap5 x18d9i69 xkhd6sd x16tdsg8 x1hl2dhg xggy1nq x1a2a7pz  _aa9_ _a6hd\" tabindex=\"0\" role=\"link\" href=\"https:\/\/www.instagram.com\/explore\/tags\/arraialdejupi\/\">#ArraialDeJupi<\/a>\u00a0<a class=\"x1i10hfl xjbqb8w x6umtig x1b1mbwd xaqea5y xav7gou x9f619 x1ypdohk xt0psk2 xe8uvvx xdj266r x11i5rnm xat24cr x1mh8g0r xexx8yu x4uap5 x18d9i69 xkhd6sd x16tdsg8 x1hl2dhg xggy1nq x1a2a7pz  _aa9_ _a6hd\" tabindex=\"0\" role=\"link\" href=\"https:\/\/www.instagram.com\/explore\/tags\/vereadorarezilda\/\">#VereadoraRezilda<\/a>\u00a0<a class=\"x1i10hfl xjbqb8w x6umtig x1b1mbwd xaqea5y xav7gou x9f619 x1ypdohk xt0psk2 xe8uvvx xdj266r x11i5rnm xat24cr x1mh8g0r xexx8yu x4uap5 x18d9i69 xkhd6sd x16tdsg8 x1hl2dhg xggy1nq x1a2a7pz  _aa9_ _a6hd\" tabindex=\"0\" role=\"link\" href=\"https:\/\/www.instagram.com\/explore\/tags\/s%C3%A3ojo%C3%A3oemjupi\/\">#S\u00e3oJo\u00e3oEmJupi<\/a>\u00a0<a class=\"x1i10hfl xjbqb8w x6umtig x1b1mbwd xaqea5y xav7gou x9f619 x1ypdohk xt0psk2 xe8uvvx xdj266r x11i5rnm xat24cr x1mh8g0r xexx8yu x4uap5 x18d9i69 xkhd6sd x16tdsg8 x1hl2dhg xggy1nq x1a2a7pz  _aa9_ _a6hd\" tabindex=\"0\" role=\"link\" href=\"https:\/\/www.instagram.com\/explore\/tags\/festajunina\/\">#FestaJunina<\/a>\u00a0<a class=\"x1i10hfl xjbqb8w x6umtig x1b1mbwd xaqea5y xav7gou x9f619 x1ypdohk xt0psk2 xe8uvvx xdj266r x11i5rnm xat24cr x1mh8g0r xexx8yu x4uap5 x18d9i69 xkhd6sd x16tdsg8 x1hl2dhg xggy1nq x1a2a7pz  _aa9_ _a6hd\" tabindex=\"0\" role=\"link\" href=\"https:\/\/www.instagram.com\/explore\/tags\/vemcomtudo\/\">#VemComTudo<\/a>\u00a0&#x1f483;&#x1f33d;&#x1f38a;<\/p>\n<div style=\"width: 720px;\" class=\"wp-video\"><video class=\"wp-video-shortcode\" id=\"video-2159-1\" width=\"720\" height=\"1280\" preload=\"metadata\" controls=\"controls\"><source type=\"video\/mp4\" src=\"https:\/\/jupi.pe.leg.br\/v3\/wp-content\/uploads\/2023\/10\/Em-parceria-com-a-Prefeitura-de-Jupi-a-Vereadora-Professo.mp4?_=1\" \/><a href=\"https:\/\/jupi.pe.leg.br\/v3\/wp-content\/uploads\/2023\/10\/Em-parceria-com-a-Prefeitura-de-Jupi-a-Vereadora-Professo.mp4\">https:\/\/jupi.pe.leg.br\/v3\/wp-content\/uploads\/2023\/10\/Em-parceria-com-a-Prefeitura-de-Jupi-a-Vereadora-Professo.mp4<\/a><\/video><\/div>\n","protected":false},"excerpt":{"rendered":"<p>&#x1f4e3;&#x1f33d; Prepare-se para o Arraial Junino de Jupi! &#x1f389;&#x1f38a; &#x1f5d3;&#xfe0f; Dias 21, 22 e 28 de junho, a Pra\u00e7a Nossa Senhora do Ros\u00e1rio vai se transformar em um verdadeiro para\u00edso junino! &#x1f483;&#x1f57a; &#x1f389;&#x1f388; Em parceria com a Prefeitura de Jupi, <a class=\"leiamais\" href=\"https:\/\/jupi.pe.leg.br\/v3\/prepare-se-para-o-arraial-junino-de-jupi\/\">VER MAIS <i class=\"fa-solid fa-chevron-right\"><\/i><\/a><\/p>\n","protected":false},"author":2,"featured_media":0,"comment_status":"open","ping_status":"open","sticky":false,"template":"","format":"standard","meta":{"_acf_changed":false,"footnotes":""},"categories":[4],"tags":[],"class_list":["post-2159","post","type-post","status-publish","format-standard","hentry","category-noticias","active"],"acf":[],"_links":{"self":[{"href":"https:\/\/jupi.pe.leg.br\/v3\/wp-json\/wp\/v2\/posts\/2159","targetHints":{"allow":["GET"]}}],"collection":[{"href":"https:\/\/jupi.pe.leg.br\/v3\/wp-json\/wp\/v2\/posts"}],"about":[{"href":"https:\/\/jupi.pe.leg.br\/v3\/wp-json\/wp\/v2\/types\/post"}],"author":[{"embeddable":true,"href":"https:\/\/jupi.pe.leg.br\/v3\/wp-json\/wp\/v2\/users\/2"}],"replies":[{"embeddable":true,"href":"https:\/\/jupi.pe.leg.br\/v3\/wp-json\/wp\/v2\/comments?post=2159"}],"version-history":[{"count":0,"href":"https:\/\/jupi.pe.leg.br\/v3\/wp-json\/wp\/v2\/posts\/2159\/revisions"}],"wp:attachment":[{"href":"https:\/\/jupi.pe.leg.br\/v3\/wp-json\/wp\/v2\/media?parent=2159"}],"wp:term":[{"taxonomy":"category","embeddable":true,"href":"https:\/\/jupi.pe.leg.br\/v3\/wp-json\/wp\/v2\/categories?post=2159"},{"taxonomy":"post_tag","embeddable":true,"href":"https:\/\/jupi.pe.leg.br\/v3\/wp-json\/wp\/v2\/tags?post=2159"}],"curies":[{"name":"wp","href":"https:\/\/api.w.org\/{rel}","templated":true}]}}