{"id":2155,"date":"2023-09-21T15:10:46","date_gmt":"2023-09-21T18:10:46","guid":{"rendered":"https:\/\/jupi.pe.leg.br\/v3\/?p=2155"},"modified":"2023-09-21T15:10:46","modified_gmt":"2023-09-21T18:10:46","slug":"requerimento-132-2023","status":"publish","type":"post","link":"https:\/\/jupi.pe.leg.br\/v3\/requerimento-132-2023\/","title":{"rendered":"Requerimento 132\/2023"},"content":{"rendered":"<p>Requeiro \u00e0 Mesa, ouvindo o Plen\u00e1rio e cumprindo as formalidades regimentais, solicita\u00e7\u00e3o ao Exm\u00ba. Prefeito deste munic\u00edpio, senhor Ant\u00f4nio Marcos Patriota, por interm\u00e9dio da Secretaria Municipal de Planejamento, no sentido de que sejam realizados os seguintes pleitos, neste munic\u00edpio:<\/p>\n<p>\u2022 Constru\u00e7\u00e3o de uma passagem molhada na estrada abaixo da Barragem do S\u00edtio Mine, nas proximidades das propriedades do Sr. Valdomiro Pereira do Nascimento (Miro de Teodoro) e do Sr. Rivaldo Pereira do Nascimento, no Sitio Mine de Baixo;<br \/>\n\u2022 Constru\u00e7\u00e3o de uma passagem molhada na estrada que interliga as propriedades dos Srs. Z\u00e9 de Duda e Alisson Vilela, no Sitio Embira;<br \/>\n\u2022 Pavimenta\u00e7\u00e3o asf\u00e1ltica ou em paralelep\u00edpedo, iniciando na PE que interliga o munic\u00edpio de Cal\u00e7ado e Jupi, no entorno do a\u00e7ude de Roque at\u00e9 o Sitio Min\u00e9 de baixo, passando pela propriedade do Sr. Enoque, sentido a sede da Associa\u00e7\u00e3o da Min\u00e9 at\u00e9 o final da ladeira, nas proximidades da propriedade do Sr. Valdomiro Pereira (Miro de Teodoro);<br \/>\n\u2022 Pavimenta\u00e7\u00e3o asf\u00e1ltica ou em paralelep\u00edpedo do cruzamento da lmbira nas proximidades da propriedade do Sr. Nau de Roque, at\u00e9 o cruzamento da Ladeira do Sitio Camaratuba.<\/p>\n","protected":false},"excerpt":{"rendered":"<p>Requeiro \u00e0 Mesa, ouvindo o Plen\u00e1rio e cumprindo as formalidades regimentais, solicita\u00e7\u00e3o ao Exm\u00ba. Prefeito deste munic\u00edpio, senhor Ant\u00f4nio Marcos Patriota, por interm\u00e9dio da Secretaria Municipal de Planejamento, no sentido de que sejam realizados os seguintes pleitos, neste munic\u00edpio: \u2022 <a class=\"leiamais\" href=\"https:\/\/jupi.pe.leg.br\/v3\/requerimento-132-2023\/\">VER MAIS <i class=\"fa-solid fa-chevron-right\"><\/i><\/a><\/p>\n","protected":false},"author":2,"featured_media":0,"comment_status":"open","ping_status":"open","sticky":false,"template":"","format":"standard","meta":{"_acf_changed":false,"footnotes":""},"categories":[27,5],"tags":[],"class_list":["post-2155","post","type-post","status-publish","format-standard","hentry","category-ricardo","category-vereadores","active"],"acf":[],"_links":{"self":[{"href":"https:\/\/jupi.pe.leg.br\/v3\/wp-json\/wp\/v2\/posts\/2155","targetHints":{"allow":["GET"]}}],"collection":[{"href":"https:\/\/jupi.pe.leg.br\/v3\/wp-json\/wp\/v2\/posts"}],"about":[{"href":"https:\/\/jupi.pe.leg.br\/v3\/wp-json\/wp\/v2\/types\/post"}],"author":[{"embeddable":true,"href":"https:\/\/jupi.pe.leg.br\/v3\/wp-json\/wp\/v2\/users\/2"}],"replies":[{"embeddable":true,"href":"https:\/\/jupi.pe.leg.br\/v3\/wp-json\/wp\/v2\/comments?post=2155"}],"version-history":[{"count":0,"href":"https:\/\/jupi.pe.leg.br\/v3\/wp-json\/wp\/v2\/posts\/2155\/revisions"}],"wp:attachment":[{"href":"https:\/\/jupi.pe.leg.br\/v3\/wp-json\/wp\/v2\/media?parent=2155"}],"wp:term":[{"taxonomy":"category","embeddable":true,"href":"https:\/\/jupi.pe.leg.br\/v3\/wp-json\/wp\/v2\/categories?post=2155"},{"taxonomy":"post_tag","embeddable":true,"href":"https:\/\/jupi.pe.leg.br\/v3\/wp-json\/wp\/v2\/tags?post=2155"}],"curies":[{"name":"wp","href":"https:\/\/api.w.org\/{rel}","templated":true}]}}