{"id":2149,"date":"2023-09-21T15:05:28","date_gmt":"2023-09-21T18:05:28","guid":{"rendered":"https:\/\/jupi.pe.leg.br\/v3\/?p=2149"},"modified":"2023-09-21T15:05:28","modified_gmt":"2023-09-21T18:05:28","slug":"requerimento-129-2023","status":"publish","type":"post","link":"https:\/\/jupi.pe.leg.br\/v3\/requerimento-129-2023\/","title":{"rendered":"Requerimento 129\/2023"},"content":{"rendered":"<p>Requeiro a Mesa, ouvindo o Plen\u00e1rio, e cumprindo as formalidades regimentais, solicita\u00e7\u00e3o no sentido de que sejam consignados votos de profundo pesar pelo falecimento do Sr. Jos\u00e9 Alves de Moura (Z\u00e9 Capit\u00e3o), ocorrido no dia 17 do m\u00eas em curso.<\/p>\n","protected":false},"excerpt":{"rendered":"<p>Requeiro a Mesa, ouvindo o Plen\u00e1rio, e cumprindo as formalidades regimentais, solicita\u00e7\u00e3o no sentido de que sejam consignados votos de profundo pesar pelo falecimento do Sr. Jos\u00e9 Alves de Moura (Z\u00e9 Capit\u00e3o), ocorrido no dia 17 do m\u00eas em curso.<\/p>\n","protected":false},"author":2,"featured_media":0,"comment_status":"open","ping_status":"open","sticky":false,"template":"","format":"standard","meta":{"_acf_changed":false,"footnotes":""},"categories":[13,5],"tags":[],"class_list":["post-2149","post","type-post","status-publish","format-standard","hentry","category-ver_toinho","category-vereadores","active"],"acf":[],"_links":{"self":[{"href":"https:\/\/jupi.pe.leg.br\/v3\/wp-json\/wp\/v2\/posts\/2149","targetHints":{"allow":["GET"]}}],"collection":[{"href":"https:\/\/jupi.pe.leg.br\/v3\/wp-json\/wp\/v2\/posts"}],"about":[{"href":"https:\/\/jupi.pe.leg.br\/v3\/wp-json\/wp\/v2\/types\/post"}],"author":[{"embeddable":true,"href":"https:\/\/jupi.pe.leg.br\/v3\/wp-json\/wp\/v2\/users\/2"}],"replies":[{"embeddable":true,"href":"https:\/\/jupi.pe.leg.br\/v3\/wp-json\/wp\/v2\/comments?post=2149"}],"version-history":[{"count":0,"href":"https:\/\/jupi.pe.leg.br\/v3\/wp-json\/wp\/v2\/posts\/2149\/revisions"}],"wp:attachment":[{"href":"https:\/\/jupi.pe.leg.br\/v3\/wp-json\/wp\/v2\/media?parent=2149"}],"wp:term":[{"taxonomy":"category","embeddable":true,"href":"https:\/\/jupi.pe.leg.br\/v3\/wp-json\/wp\/v2\/categories?post=2149"},{"taxonomy":"post_tag","embeddable":true,"href":"https:\/\/jupi.pe.leg.br\/v3\/wp-json\/wp\/v2\/tags?post=2149"}],"curies":[{"name":"wp","href":"https:\/\/api.w.org\/{rel}","templated":true}]}}