{"id":2137,"date":"2023-09-13T20:15:46","date_gmt":"2023-09-13T23:15:46","guid":{"rendered":"https:\/\/jupi.pe.leg.br\/v3\/?p=2137"},"modified":"2023-09-13T20:15:46","modified_gmt":"2023-09-13T23:15:46","slug":"requerimento-126-2023","status":"publish","type":"post","link":"https:\/\/jupi.pe.leg.br\/v3\/requerimento-126-2023\/","title":{"rendered":"Requerimento 126\/2023"},"content":{"rendered":"<p>Requeiro \u00e0 Mesa, ouvindo o Plen\u00e1rio e cumprindo as formalidades regimentais, solicita\u00e7\u00e3o ao Exm\u00ba. Prefeito deste munic\u00edpio, senhor Ant\u00f4nio Marcos Patriota, por interm\u00e9dio da Secretaria Municipal de Planejamento, que sejam feitas as pavimenta\u00e7\u00f5es em paralelep\u00edpedos ou asf\u00e1lticas dos trechos das seguintes \u00e1reas rurais interligando a cidade de Jupi:<\/p>\n<p>\u2022 Compreendendo as estradas locais \u00e0s margens da BR 423, sentido Posto Santa Quit\u00e9ria (antigo Posto Nova Vida), em dire\u00e7\u00e3o a propriedade do ex vereador Jos\u00e9 Lucio da Silva (Zeca L\u00facio), no Sitio Genipapo, seguindo at\u00e9 a estrada do S\u00edtio Catonho, passando pelo po\u00e7o do mosquito, no Sitio Lacre, at\u00e9 o final da ladeira no cruzamento do Sitio Camaratuba;<br \/>\n\u2022 Iniciando na BR 423, no Sitio Mulungu ao lado da casa da farinha do Sr. Junior Fernandes (Juninho) passando pelo bar do Sr. Domiro, sentido a estrada principal do S\u00edtio Azev\u00e9m, finalizando no Povoado Col\u00f4nia, pelo acesso da estrada de baixo.<\/p>\n","protected":false},"excerpt":{"rendered":"<p>Requeiro \u00e0 Mesa, ouvindo o Plen\u00e1rio e cumprindo as formalidades regimentais, solicita\u00e7\u00e3o ao Exm\u00ba. Prefeito deste munic\u00edpio, senhor Ant\u00f4nio Marcos Patriota, por interm\u00e9dio da Secretaria Municipal de Planejamento, que sejam feitas as pavimenta\u00e7\u00f5es em paralelep\u00edpedos ou asf\u00e1lticas dos trechos das <a class=\"leiamais\" href=\"https:\/\/jupi.pe.leg.br\/v3\/requerimento-126-2023\/\">VER MAIS <i class=\"fa-solid fa-chevron-right\"><\/i><\/a><\/p>\n","protected":false},"author":2,"featured_media":0,"comment_status":"open","ping_status":"open","sticky":false,"template":"","format":"standard","meta":{"_acf_changed":false,"footnotes":""},"categories":[27,5],"tags":[],"class_list":["post-2137","post","type-post","status-publish","format-standard","hentry","category-ricardo","category-vereadores","active"],"acf":[],"_links":{"self":[{"href":"https:\/\/jupi.pe.leg.br\/v3\/wp-json\/wp\/v2\/posts\/2137","targetHints":{"allow":["GET"]}}],"collection":[{"href":"https:\/\/jupi.pe.leg.br\/v3\/wp-json\/wp\/v2\/posts"}],"about":[{"href":"https:\/\/jupi.pe.leg.br\/v3\/wp-json\/wp\/v2\/types\/post"}],"author":[{"embeddable":true,"href":"https:\/\/jupi.pe.leg.br\/v3\/wp-json\/wp\/v2\/users\/2"}],"replies":[{"embeddable":true,"href":"https:\/\/jupi.pe.leg.br\/v3\/wp-json\/wp\/v2\/comments?post=2137"}],"version-history":[{"count":0,"href":"https:\/\/jupi.pe.leg.br\/v3\/wp-json\/wp\/v2\/posts\/2137\/revisions"}],"wp:attachment":[{"href":"https:\/\/jupi.pe.leg.br\/v3\/wp-json\/wp\/v2\/media?parent=2137"}],"wp:term":[{"taxonomy":"category","embeddable":true,"href":"https:\/\/jupi.pe.leg.br\/v3\/wp-json\/wp\/v2\/categories?post=2137"},{"taxonomy":"post_tag","embeddable":true,"href":"https:\/\/jupi.pe.leg.br\/v3\/wp-json\/wp\/v2\/tags?post=2137"}],"curies":[{"name":"wp","href":"https:\/\/api.w.org\/{rel}","templated":true}]}}