{"id":2128,"date":"2023-09-13T20:07:26","date_gmt":"2023-09-13T23:07:26","guid":{"rendered":"https:\/\/jupi.pe.leg.br\/v3\/?p=2128"},"modified":"2023-09-13T20:07:26","modified_gmt":"2023-09-13T23:07:26","slug":"requerimento-123-2023","status":"publish","type":"post","link":"https:\/\/jupi.pe.leg.br\/v3\/requerimento-123-2023\/","title":{"rendered":"Requerimento 123\/2023"},"content":{"rendered":"<p>Requeiro a Mesa, ouvindo o plen\u00e1rio, e cumprindo as formalidades regimentais, Solicita\u00e7\u00e3o a Exm\u00ba Prefeito deste munic\u00edpio, Sr. Ant\u00f4nio Marcos Patriota, por interm\u00e9dio da Secretaria Municipal de Infraestrutura e Servi\u00e7os Urbanos, veemente apelo no sentido de que seja atendida a solicita\u00e7\u00e3o abaixo mencionada, j\u00e1 apresentada no Requerimento n\u00ba 084\/2022, sendo reapresentada atrav\u00e9s do seguinte pleito:<br \/>\n&#8211; Recupera\u00e7\u00e3o da estrada da Serra da Col\u00f4nia, visando melhorar o acesso da popula\u00e7\u00e3o dos S\u00edtios: Pau Ferro, Grot\u00e3o e Areias \u00e0 ESF do Povoado Col\u00f4nia.<\/p>\n","protected":false},"excerpt":{"rendered":"<p>Requeiro a Mesa, ouvindo o plen\u00e1rio, e cumprindo as formalidades regimentais, Solicita\u00e7\u00e3o a Exm\u00ba Prefeito deste munic\u00edpio, Sr. Ant\u00f4nio Marcos Patriota, por interm\u00e9dio da Secretaria Municipal de Infraestrutura e Servi\u00e7os Urbanos, veemente apelo no sentido de que seja atendida a <a class=\"leiamais\" href=\"https:\/\/jupi.pe.leg.br\/v3\/requerimento-123-2023\/\">VER MAIS <i class=\"fa-solid fa-chevron-right\"><\/i><\/a><\/p>\n","protected":false},"author":2,"featured_media":0,"comment_status":"open","ping_status":"open","sticky":false,"template":"","format":"standard","meta":{"_acf_changed":false,"footnotes":""},"categories":[23,5],"tags":[],"class_list":["post-2128","post","type-post","status-publish","format-standard","hentry","category-ver_antoniodacolonia","category-vereadores","active"],"acf":[],"_links":{"self":[{"href":"https:\/\/jupi.pe.leg.br\/v3\/wp-json\/wp\/v2\/posts\/2128","targetHints":{"allow":["GET"]}}],"collection":[{"href":"https:\/\/jupi.pe.leg.br\/v3\/wp-json\/wp\/v2\/posts"}],"about":[{"href":"https:\/\/jupi.pe.leg.br\/v3\/wp-json\/wp\/v2\/types\/post"}],"author":[{"embeddable":true,"href":"https:\/\/jupi.pe.leg.br\/v3\/wp-json\/wp\/v2\/users\/2"}],"replies":[{"embeddable":true,"href":"https:\/\/jupi.pe.leg.br\/v3\/wp-json\/wp\/v2\/comments?post=2128"}],"version-history":[{"count":0,"href":"https:\/\/jupi.pe.leg.br\/v3\/wp-json\/wp\/v2\/posts\/2128\/revisions"}],"wp:attachment":[{"href":"https:\/\/jupi.pe.leg.br\/v3\/wp-json\/wp\/v2\/media?parent=2128"}],"wp:term":[{"taxonomy":"category","embeddable":true,"href":"https:\/\/jupi.pe.leg.br\/v3\/wp-json\/wp\/v2\/categories?post=2128"},{"taxonomy":"post_tag","embeddable":true,"href":"https:\/\/jupi.pe.leg.br\/v3\/wp-json\/wp\/v2\/tags?post=2128"}],"curies":[{"name":"wp","href":"https:\/\/api.w.org\/{rel}","templated":true}]}}