{"id":2118,"date":"2023-09-13T20:04:26","date_gmt":"2023-09-13T23:04:26","guid":{"rendered":"https:\/\/jupi.pe.leg.br\/v3\/?p=2118"},"modified":"2023-09-13T20:04:26","modified_gmt":"2023-09-13T23:04:26","slug":"requerimento-120-2023","status":"publish","type":"post","link":"https:\/\/jupi.pe.leg.br\/v3\/requerimento-120-2023\/","title":{"rendered":"Requerimento 120\/2023"},"content":{"rendered":"<p>Requeiro \u00e0 Mesa, ouvindo o Plen\u00e1rio e cumprindo as formalidades regimentais, solicita\u00e7\u00e3o ao Exm\u00ba. Prefeito deste munic\u00edpio, Sr. Ant\u00f4nio Marcos Patriota, por interm\u00e9dio da Secretaria Municipal Sa\u00fade, os seguintes Pleitos em nosso municipio:<\/p>\n<p>&#8211; Disponibiliza\u00e7\u00e3o de um autom\u00f3vel para locomover os pacientes dos S\u00edtios: Pau-Ferro, Grot\u00e3o, Minas e Areias, nos dias de atendimento m\u00e9dico, para a UBS (Unidade B\u00e1sica de Sa\u00fade) do Povoado Col\u00f4nia;<br \/>\n&#8211; Disponibiliza\u00e7\u00e3o de um autom\u00f3vel para locomover em car\u00e1ter de urg\u00eancia, os pacientes dos S\u00edtios: Raposa, Pau-Ferro, Barro Vermelho, Grot\u00e3o e adjac\u00eancias, at\u00e9 o Hospital Municipal Claudina Teixeira.<\/p>\n","protected":false},"excerpt":{"rendered":"<p>Requeiro \u00e0 Mesa, ouvindo o Plen\u00e1rio e cumprindo as formalidades regimentais, solicita\u00e7\u00e3o ao Exm\u00ba. Prefeito deste munic\u00edpio, Sr. Ant\u00f4nio Marcos Patriota, por interm\u00e9dio da Secretaria Municipal Sa\u00fade, os seguintes Pleitos em nosso municipio: &#8211; Disponibiliza\u00e7\u00e3o de um autom\u00f3vel para locomover <a class=\"leiamais\" href=\"https:\/\/jupi.pe.leg.br\/v3\/requerimento-120-2023\/\">VER MAIS <i class=\"fa-solid fa-chevron-right\"><\/i><\/a><\/p>\n","protected":false},"author":2,"featured_media":0,"comment_status":"open","ping_status":"open","sticky":false,"template":"","format":"standard","meta":{"_acf_changed":false,"footnotes":""},"categories":[26,5],"tags":[],"class_list":["post-2118","post","type-post","status-publish","format-standard","hentry","category-fabio-da-raposa","category-vereadores","active"],"acf":[],"_links":{"self":[{"href":"https:\/\/jupi.pe.leg.br\/v3\/wp-json\/wp\/v2\/posts\/2118","targetHints":{"allow":["GET"]}}],"collection":[{"href":"https:\/\/jupi.pe.leg.br\/v3\/wp-json\/wp\/v2\/posts"}],"about":[{"href":"https:\/\/jupi.pe.leg.br\/v3\/wp-json\/wp\/v2\/types\/post"}],"author":[{"embeddable":true,"href":"https:\/\/jupi.pe.leg.br\/v3\/wp-json\/wp\/v2\/users\/2"}],"replies":[{"embeddable":true,"href":"https:\/\/jupi.pe.leg.br\/v3\/wp-json\/wp\/v2\/comments?post=2118"}],"version-history":[{"count":0,"href":"https:\/\/jupi.pe.leg.br\/v3\/wp-json\/wp\/v2\/posts\/2118\/revisions"}],"wp:attachment":[{"href":"https:\/\/jupi.pe.leg.br\/v3\/wp-json\/wp\/v2\/media?parent=2118"}],"wp:term":[{"taxonomy":"category","embeddable":true,"href":"https:\/\/jupi.pe.leg.br\/v3\/wp-json\/wp\/v2\/categories?post=2118"},{"taxonomy":"post_tag","embeddable":true,"href":"https:\/\/jupi.pe.leg.br\/v3\/wp-json\/wp\/v2\/tags?post=2118"}],"curies":[{"name":"wp","href":"https:\/\/api.w.org\/{rel}","templated":true}]}}