{"id":2109,"date":"2023-09-13T20:00:48","date_gmt":"2023-09-13T23:00:48","guid":{"rendered":"https:\/\/jupi.pe.leg.br\/v3\/?p=2109"},"modified":"2023-09-13T20:00:48","modified_gmt":"2023-09-13T23:00:48","slug":"requerimento-117-2023","status":"publish","type":"post","link":"https:\/\/jupi.pe.leg.br\/v3\/requerimento-117-2023\/","title":{"rendered":"Requerimento 117\/2023"},"content":{"rendered":"<p>Requeiro a Mesa, ouvindo o Plen\u00e1rio e cumprindo as formalidades regimentais, solicita\u00e7\u00e3o ao Exm\u00ba. Prefeito deste munic\u00edpio, Sr. Ant\u00f4nio Marcos Patriota, por interm\u00e9dio da Superintend\u00eancia de Desenvolvimento do Nordeste -SUDENE, veemente apelo, em car\u00e1ter emergencial, para realiza\u00e7\u00e3o da constru\u00e7\u00e3o de uma barragem de grande porte no &#8220;Rio da Chata&#8221;, na extens\u00e3o do S\u00edtio Raposa deste munic\u00edpio, na divisa com o munic\u00edpio de Jucati\/PE, com a finalidade de atender a demanda do abastecimento d&#8217;\u00e1gua da citada comunidade e adjacentes.<br \/>\nDo presente pleito, ap\u00f3s aprova\u00e7\u00e3o em Plen\u00e1rio, que seja dado o devido conhecimento ao Exm\u00ba. Superintendente da SEDENE\/PE, Sr. Danilo Jorge de<br \/>\nBarros Cabral.<\/p>\n","protected":false},"excerpt":{"rendered":"<p>Requeiro a Mesa, ouvindo o Plen\u00e1rio e cumprindo as formalidades regimentais, solicita\u00e7\u00e3o ao Exm\u00ba. Prefeito deste munic\u00edpio, Sr. Ant\u00f4nio Marcos Patriota, por interm\u00e9dio da Superintend\u00eancia de Desenvolvimento do Nordeste -SUDENE, veemente apelo, em car\u00e1ter emergencial, para realiza\u00e7\u00e3o da constru\u00e7\u00e3o de <a class=\"leiamais\" href=\"https:\/\/jupi.pe.leg.br\/v3\/requerimento-117-2023\/\">VER MAIS <i class=\"fa-solid fa-chevron-right\"><\/i><\/a><\/p>\n","protected":false},"author":2,"featured_media":0,"comment_status":"open","ping_status":"open","sticky":false,"template":"","format":"standard","meta":{"_acf_changed":false,"footnotes":""},"categories":[26,5],"tags":[],"class_list":["post-2109","post","type-post","status-publish","format-standard","hentry","category-fabio-da-raposa","category-vereadores","active"],"acf":[],"_links":{"self":[{"href":"https:\/\/jupi.pe.leg.br\/v3\/wp-json\/wp\/v2\/posts\/2109","targetHints":{"allow":["GET"]}}],"collection":[{"href":"https:\/\/jupi.pe.leg.br\/v3\/wp-json\/wp\/v2\/posts"}],"about":[{"href":"https:\/\/jupi.pe.leg.br\/v3\/wp-json\/wp\/v2\/types\/post"}],"author":[{"embeddable":true,"href":"https:\/\/jupi.pe.leg.br\/v3\/wp-json\/wp\/v2\/users\/2"}],"replies":[{"embeddable":true,"href":"https:\/\/jupi.pe.leg.br\/v3\/wp-json\/wp\/v2\/comments?post=2109"}],"version-history":[{"count":0,"href":"https:\/\/jupi.pe.leg.br\/v3\/wp-json\/wp\/v2\/posts\/2109\/revisions"}],"wp:attachment":[{"href":"https:\/\/jupi.pe.leg.br\/v3\/wp-json\/wp\/v2\/media?parent=2109"}],"wp:term":[{"taxonomy":"category","embeddable":true,"href":"https:\/\/jupi.pe.leg.br\/v3\/wp-json\/wp\/v2\/categories?post=2109"},{"taxonomy":"post_tag","embeddable":true,"href":"https:\/\/jupi.pe.leg.br\/v3\/wp-json\/wp\/v2\/tags?post=2109"}],"curies":[{"name":"wp","href":"https:\/\/api.w.org\/{rel}","templated":true}]}}