{"id":2106,"date":"2023-09-13T19:59:51","date_gmt":"2023-09-13T22:59:51","guid":{"rendered":"https:\/\/jupi.pe.leg.br\/v3\/?p=2106"},"modified":"2023-09-13T19:59:51","modified_gmt":"2023-09-13T22:59:51","slug":"requerimento-116-2023","status":"publish","type":"post","link":"https:\/\/jupi.pe.leg.br\/v3\/requerimento-116-2023\/","title":{"rendered":"Requerimento 116\/2023"},"content":{"rendered":"<p>Requeiro \u00e0 Mesa, ouvindo o Plen\u00e1rio e cumprindo as formalidades regimentais, solicita\u00e7\u00e3o ao Exm\u00ba. Prefeito deste munic\u00edpio, senhor Ant\u00f4nio Marcos Patriota, por interm\u00e9dio da Secretaria Municipal de Infraestrutura e Servi\u00e7os Urbanos, veemente apelo, no intuito de que seja implantado o sistema de saneamento b\u00e1sico e pavimenta\u00e7\u00e3o em paralelep\u00edpedo ou asf\u00e1ltica, nas duas vias p\u00fablicas projetadas que ficam por tr\u00e1s da casa de farinha da Senhora Maria Rodrigues que s\u00e3o interligadas a Rua Valdenor Ant\u00f4nio Sobral e da via p\u00fablica projetada que interliga as Ruas: Joaquim Cordeiro da Silva e Pedro Fernando Ferreira da Silva.<\/p>\n","protected":false},"excerpt":{"rendered":"<p>Requeiro \u00e0 Mesa, ouvindo o Plen\u00e1rio e cumprindo as formalidades regimentais, solicita\u00e7\u00e3o ao Exm\u00ba. Prefeito deste munic\u00edpio, senhor Ant\u00f4nio Marcos Patriota, por interm\u00e9dio da Secretaria Municipal de Infraestrutura e Servi\u00e7os Urbanos, veemente apelo, no intuito de que seja implantado o <a class=\"leiamais\" href=\"https:\/\/jupi.pe.leg.br\/v3\/requerimento-116-2023\/\">VER MAIS <i class=\"fa-solid fa-chevron-right\"><\/i><\/a><\/p>\n","protected":false},"author":2,"featured_media":0,"comment_status":"open","ping_status":"open","sticky":false,"template":"","format":"standard","meta":{"_acf_changed":false,"footnotes":""},"categories":[27,5],"tags":[],"class_list":["post-2106","post","type-post","status-publish","format-standard","hentry","category-ricardo","category-vereadores","active"],"acf":[],"_links":{"self":[{"href":"https:\/\/jupi.pe.leg.br\/v3\/wp-json\/wp\/v2\/posts\/2106","targetHints":{"allow":["GET"]}}],"collection":[{"href":"https:\/\/jupi.pe.leg.br\/v3\/wp-json\/wp\/v2\/posts"}],"about":[{"href":"https:\/\/jupi.pe.leg.br\/v3\/wp-json\/wp\/v2\/types\/post"}],"author":[{"embeddable":true,"href":"https:\/\/jupi.pe.leg.br\/v3\/wp-json\/wp\/v2\/users\/2"}],"replies":[{"embeddable":true,"href":"https:\/\/jupi.pe.leg.br\/v3\/wp-json\/wp\/v2\/comments?post=2106"}],"version-history":[{"count":0,"href":"https:\/\/jupi.pe.leg.br\/v3\/wp-json\/wp\/v2\/posts\/2106\/revisions"}],"wp:attachment":[{"href":"https:\/\/jupi.pe.leg.br\/v3\/wp-json\/wp\/v2\/media?parent=2106"}],"wp:term":[{"taxonomy":"category","embeddable":true,"href":"https:\/\/jupi.pe.leg.br\/v3\/wp-json\/wp\/v2\/categories?post=2106"},{"taxonomy":"post_tag","embeddable":true,"href":"https:\/\/jupi.pe.leg.br\/v3\/wp-json\/wp\/v2\/tags?post=2106"}],"curies":[{"name":"wp","href":"https:\/\/api.w.org\/{rel}","templated":true}]}}