{"id":2038,"date":"2021-07-13T18:39:11","date_gmt":"2021-07-13T21:39:11","guid":{"rendered":"https:\/\/jupi.pe.leg.br\/v3\/?p=2038"},"modified":"2023-07-13T18:40:04","modified_gmt":"2023-07-13T21:40:04","slug":"requerimento-213-2021","status":"publish","type":"post","link":"https:\/\/jupi.pe.leg.br\/v3\/requerimento-213-2021\/","title":{"rendered":"Requerimento 213\/2021"},"content":{"rendered":"<p>Requeiro no sentido de que sejam consignados aos familiares, votos de profundo pesar pelo falecimento da Senhora Hero\u00edna Rocha de Brito, ocorrido no m\u00eas em curso.<br \/>\nAp\u00f3s aprova\u00e7\u00e3o em Plen\u00e1rio, seja dado conhecimento desta Proposi\u00e7\u00e3o aos seus familiares.<\/p>\n<p>&nbsp;<\/p>\n","protected":false},"excerpt":{"rendered":"<p>Requeiro no sentido de que sejam consignados aos familiares, votos de profundo pesar pelo falecimento da Senhora Hero\u00edna Rocha de Brito, ocorrido no m\u00eas em curso. Ap\u00f3s aprova\u00e7\u00e3o em Plen\u00e1rio, seja dado conhecimento desta Proposi\u00e7\u00e3o aos seus familiares. &nbsp;<\/p>\n","protected":false},"author":2,"featured_media":0,"comment_status":"open","ping_status":"open","sticky":false,"template":"","format":"standard","meta":{"_acf_changed":false,"footnotes":""},"categories":[28,5],"tags":[],"class_list":["post-2038","post","type-post","status-publish","format-standard","hentry","category-rezilda","category-vereadores","active"],"acf":[],"_links":{"self":[{"href":"https:\/\/jupi.pe.leg.br\/v3\/wp-json\/wp\/v2\/posts\/2038","targetHints":{"allow":["GET"]}}],"collection":[{"href":"https:\/\/jupi.pe.leg.br\/v3\/wp-json\/wp\/v2\/posts"}],"about":[{"href":"https:\/\/jupi.pe.leg.br\/v3\/wp-json\/wp\/v2\/types\/post"}],"author":[{"embeddable":true,"href":"https:\/\/jupi.pe.leg.br\/v3\/wp-json\/wp\/v2\/users\/2"}],"replies":[{"embeddable":true,"href":"https:\/\/jupi.pe.leg.br\/v3\/wp-json\/wp\/v2\/comments?post=2038"}],"version-history":[{"count":0,"href":"https:\/\/jupi.pe.leg.br\/v3\/wp-json\/wp\/v2\/posts\/2038\/revisions"}],"wp:attachment":[{"href":"https:\/\/jupi.pe.leg.br\/v3\/wp-json\/wp\/v2\/media?parent=2038"}],"wp:term":[{"taxonomy":"category","embeddable":true,"href":"https:\/\/jupi.pe.leg.br\/v3\/wp-json\/wp\/v2\/categories?post=2038"},{"taxonomy":"post_tag","embeddable":true,"href":"https:\/\/jupi.pe.leg.br\/v3\/wp-json\/wp\/v2\/tags?post=2038"}],"curies":[{"name":"wp","href":"https:\/\/api.w.org\/{rel}","templated":true}]}}