{"id":2029,"date":"2021-07-13T18:36:18","date_gmt":"2021-07-13T21:36:18","guid":{"rendered":"https:\/\/jupi.pe.leg.br\/v3\/?p=2029"},"modified":"2023-07-13T18:37:03","modified_gmt":"2023-07-13T21:37:03","slug":"requerimento-170-2021","status":"publish","type":"post","link":"https:\/\/jupi.pe.leg.br\/v3\/requerimento-170-2021\/","title":{"rendered":"Requerimento 170\/2021"},"content":{"rendered":"<p>Requeiro ao Exm\u00ba. Prefeito deste munic\u00edpio, Sr. Ant\u00f4nio Marcos Patriota, por interm\u00e9dio da secretaria competente, veemente apelo, no sentido de realizado os seguintes pleitos nesta cidade:<br \/>\n&#8211; Limpeza dos matos nas ruas e cal\u00e7adas;<br \/>\n&#8211; Retirada constante dos lixos e metralhas nos terrenos baldios, ruas e principalmente nas entradas da cidade;<br \/>\n&#8211; Pintura dos paralelep\u00edpedos em geral.<\/p>\n","protected":false},"excerpt":{"rendered":"<p>Requeiro ao Exm\u00ba. Prefeito deste munic\u00edpio, Sr. Ant\u00f4nio Marcos Patriota, por interm\u00e9dio da secretaria competente, veemente apelo, no sentido de realizado os seguintes pleitos nesta cidade: &#8211; Limpeza dos matos nas ruas e cal\u00e7adas; &#8211; Retirada constante dos lixos e <a class=\"leiamais\" href=\"https:\/\/jupi.pe.leg.br\/v3\/requerimento-170-2021\/\">VER MAIS <i class=\"fa-solid fa-chevron-right\"><\/i><\/a><\/p>\n","protected":false},"author":2,"featured_media":0,"comment_status":"open","ping_status":"open","sticky":false,"template":"","format":"standard","meta":{"_acf_changed":false,"footnotes":""},"categories":[28,5],"tags":[],"class_list":["post-2029","post","type-post","status-publish","format-standard","hentry","category-rezilda","category-vereadores","active"],"acf":[],"_links":{"self":[{"href":"https:\/\/jupi.pe.leg.br\/v3\/wp-json\/wp\/v2\/posts\/2029","targetHints":{"allow":["GET"]}}],"collection":[{"href":"https:\/\/jupi.pe.leg.br\/v3\/wp-json\/wp\/v2\/posts"}],"about":[{"href":"https:\/\/jupi.pe.leg.br\/v3\/wp-json\/wp\/v2\/types\/post"}],"author":[{"embeddable":true,"href":"https:\/\/jupi.pe.leg.br\/v3\/wp-json\/wp\/v2\/users\/2"}],"replies":[{"embeddable":true,"href":"https:\/\/jupi.pe.leg.br\/v3\/wp-json\/wp\/v2\/comments?post=2029"}],"version-history":[{"count":0,"href":"https:\/\/jupi.pe.leg.br\/v3\/wp-json\/wp\/v2\/posts\/2029\/revisions"}],"wp:attachment":[{"href":"https:\/\/jupi.pe.leg.br\/v3\/wp-json\/wp\/v2\/media?parent=2029"}],"wp:term":[{"taxonomy":"category","embeddable":true,"href":"https:\/\/jupi.pe.leg.br\/v3\/wp-json\/wp\/v2\/categories?post=2029"},{"taxonomy":"post_tag","embeddable":true,"href":"https:\/\/jupi.pe.leg.br\/v3\/wp-json\/wp\/v2\/tags?post=2029"}],"curies":[{"name":"wp","href":"https:\/\/api.w.org\/{rel}","templated":true}]}}