{"id":2023,"date":"2021-07-13T18:34:26","date_gmt":"2021-07-13T21:34:26","guid":{"rendered":"https:\/\/jupi.pe.leg.br\/v3\/?p=2023"},"modified":"2023-07-13T18:35:20","modified_gmt":"2023-07-13T21:35:20","slug":"requerimento-159-2021","status":"publish","type":"post","link":"https:\/\/jupi.pe.leg.br\/v3\/requerimento-159-2021\/","title":{"rendered":"Requerimento 159\/2021"},"content":{"rendered":"<p>Requeiro ao Exm\u00ba. Presidente deste Poder Legislativo, Sr. Paulo C\u00e9sar Cordeiro Vilela, veemente apelo, no sentido de que a Assessoria Jur\u00eddica desta Casa Legislativa, seja disponibilizada aos vereadores, quinzenalmente, de forma presencial quando solicitada para realiza\u00e7\u00f5es de reuni\u00f5es, palestras, capacita\u00e7\u00f5es, Assessorias e demais assuntos pertinentes a este Poder Legislativo, bem como, todos os meios de contatos: N\u00famero de telefone, whatsapp e e-mail.<\/p>\n","protected":false},"excerpt":{"rendered":"<p>Requeiro ao Exm\u00ba. Presidente deste Poder Legislativo, Sr. Paulo C\u00e9sar Cordeiro Vilela, veemente apelo, no sentido de que a Assessoria Jur\u00eddica desta Casa Legislativa, seja disponibilizada aos vereadores, quinzenalmente, de forma presencial quando solicitada para realiza\u00e7\u00f5es de reuni\u00f5es, palestras, capacita\u00e7\u00f5es, <a class=\"leiamais\" href=\"https:\/\/jupi.pe.leg.br\/v3\/requerimento-159-2021\/\">VER MAIS <i class=\"fa-solid fa-chevron-right\"><\/i><\/a><\/p>\n","protected":false},"author":2,"featured_media":0,"comment_status":"open","ping_status":"open","sticky":false,"template":"","format":"standard","meta":{"_acf_changed":false,"footnotes":""},"categories":[28,5],"tags":[],"class_list":["post-2023","post","type-post","status-publish","format-standard","hentry","category-rezilda","category-vereadores","active"],"acf":[],"_links":{"self":[{"href":"https:\/\/jupi.pe.leg.br\/v3\/wp-json\/wp\/v2\/posts\/2023","targetHints":{"allow":["GET"]}}],"collection":[{"href":"https:\/\/jupi.pe.leg.br\/v3\/wp-json\/wp\/v2\/posts"}],"about":[{"href":"https:\/\/jupi.pe.leg.br\/v3\/wp-json\/wp\/v2\/types\/post"}],"author":[{"embeddable":true,"href":"https:\/\/jupi.pe.leg.br\/v3\/wp-json\/wp\/v2\/users\/2"}],"replies":[{"embeddable":true,"href":"https:\/\/jupi.pe.leg.br\/v3\/wp-json\/wp\/v2\/comments?post=2023"}],"version-history":[{"count":0,"href":"https:\/\/jupi.pe.leg.br\/v3\/wp-json\/wp\/v2\/posts\/2023\/revisions"}],"wp:attachment":[{"href":"https:\/\/jupi.pe.leg.br\/v3\/wp-json\/wp\/v2\/media?parent=2023"}],"wp:term":[{"taxonomy":"category","embeddable":true,"href":"https:\/\/jupi.pe.leg.br\/v3\/wp-json\/wp\/v2\/categories?post=2023"},{"taxonomy":"post_tag","embeddable":true,"href":"https:\/\/jupi.pe.leg.br\/v3\/wp-json\/wp\/v2\/tags?post=2023"}],"curies":[{"name":"wp","href":"https:\/\/api.w.org\/{rel}","templated":true}]}}