{"id":2011,"date":"2021-07-13T18:30:40","date_gmt":"2021-07-13T21:30:40","guid":{"rendered":"https:\/\/jupi.pe.leg.br\/v3\/?p=2011"},"modified":"2023-07-13T18:31:27","modified_gmt":"2023-07-13T21:31:27","slug":"requerimento-150-2021","status":"publish","type":"post","link":"https:\/\/jupi.pe.leg.br\/v3\/requerimento-150-2021\/","title":{"rendered":"Requerimento 150\/2021"},"content":{"rendered":"<p>Requeiro ao Exm\u00ba. Presidente deste Poder Legislativo. Sr. Paulo C\u00e9sar Cordeiro Vilela. veemente apelo, no sentido de que seja apresentado Projeto atualizando os vencimentos dos funcion\u00e1rios desta Casa Legislativa, bem como, aumento de N\u00edvel Salarial de alguns funcion\u00e1rios.<\/p>\n","protected":false},"excerpt":{"rendered":"<p>Requeiro ao Exm\u00ba. Presidente deste Poder Legislativo. Sr. Paulo C\u00e9sar Cordeiro Vilela. veemente apelo, no sentido de que seja apresentado Projeto atualizando os vencimentos dos funcion\u00e1rios desta Casa Legislativa, bem como, aumento de N\u00edvel Salarial de alguns funcion\u00e1rios.<\/p>\n","protected":false},"author":2,"featured_media":0,"comment_status":"open","ping_status":"open","sticky":false,"template":"","format":"standard","meta":{"_acf_changed":false,"footnotes":""},"categories":[28,5],"tags":[],"class_list":["post-2011","post","type-post","status-publish","format-standard","hentry","category-rezilda","category-vereadores","active"],"acf":[],"_links":{"self":[{"href":"https:\/\/jupi.pe.leg.br\/v3\/wp-json\/wp\/v2\/posts\/2011","targetHints":{"allow":["GET"]}}],"collection":[{"href":"https:\/\/jupi.pe.leg.br\/v3\/wp-json\/wp\/v2\/posts"}],"about":[{"href":"https:\/\/jupi.pe.leg.br\/v3\/wp-json\/wp\/v2\/types\/post"}],"author":[{"embeddable":true,"href":"https:\/\/jupi.pe.leg.br\/v3\/wp-json\/wp\/v2\/users\/2"}],"replies":[{"embeddable":true,"href":"https:\/\/jupi.pe.leg.br\/v3\/wp-json\/wp\/v2\/comments?post=2011"}],"version-history":[{"count":0,"href":"https:\/\/jupi.pe.leg.br\/v3\/wp-json\/wp\/v2\/posts\/2011\/revisions"}],"wp:attachment":[{"href":"https:\/\/jupi.pe.leg.br\/v3\/wp-json\/wp\/v2\/media?parent=2011"}],"wp:term":[{"taxonomy":"category","embeddable":true,"href":"https:\/\/jupi.pe.leg.br\/v3\/wp-json\/wp\/v2\/categories?post=2011"},{"taxonomy":"post_tag","embeddable":true,"href":"https:\/\/jupi.pe.leg.br\/v3\/wp-json\/wp\/v2\/tags?post=2011"}],"curies":[{"name":"wp","href":"https:\/\/api.w.org\/{rel}","templated":true}]}}