{"id":2002,"date":"2021-07-13T18:27:00","date_gmt":"2021-07-13T21:27:00","guid":{"rendered":"https:\/\/jupi.pe.leg.br\/v3\/?p=2002"},"modified":"2023-07-13T18:28:27","modified_gmt":"2023-07-13T21:28:27","slug":"requerimento125-2021","status":"publish","type":"post","link":"https:\/\/jupi.pe.leg.br\/v3\/requerimento125-2021\/","title":{"rendered":"Requerimento125\/2021"},"content":{"rendered":"<p>Requeiro ao Exm\u00ba. Prefeito deste munic\u00edpio Sr. Ant\u00f4nio Marcos Patriota, por interm\u00e9dio da secretaria competente, veemente apelo, no sentido de que nos sejam informados sobre o andamento dos seguintes pleitos neste munic\u00edpio:<br \/>\n&#8211; Constru\u00e7\u00e3o das Escolas dos S\u00edtios: V\u00e1rzea dos Cavalos, Catonho e Pau-Ferro;<br \/>\n&#8211; Constru\u00e7\u00e3o da Escola do Alto dos Santos Creche Pr\u00e9-escola;<br \/>\n&#8211; Constru\u00e7\u00e3o do Campo da COHAB.<\/p>\n","protected":false},"excerpt":{"rendered":"<p>Requeiro ao Exm\u00ba. Prefeito deste munic\u00edpio Sr. Ant\u00f4nio Marcos Patriota, por interm\u00e9dio da secretaria competente, veemente apelo, no sentido de que nos sejam informados sobre o andamento dos seguintes pleitos neste munic\u00edpio: &#8211; Constru\u00e7\u00e3o das Escolas dos S\u00edtios: V\u00e1rzea dos <a class=\"leiamais\" href=\"https:\/\/jupi.pe.leg.br\/v3\/requerimento125-2021\/\">VER MAIS <i class=\"fa-solid fa-chevron-right\"><\/i><\/a><\/p>\n","protected":false},"author":2,"featured_media":0,"comment_status":"open","ping_status":"open","sticky":false,"template":"","format":"standard","meta":{"_acf_changed":false,"footnotes":""},"categories":[28,5],"tags":[],"class_list":["post-2002","post","type-post","status-publish","format-standard","hentry","category-rezilda","category-vereadores","active"],"acf":[],"_links":{"self":[{"href":"https:\/\/jupi.pe.leg.br\/v3\/wp-json\/wp\/v2\/posts\/2002","targetHints":{"allow":["GET"]}}],"collection":[{"href":"https:\/\/jupi.pe.leg.br\/v3\/wp-json\/wp\/v2\/posts"}],"about":[{"href":"https:\/\/jupi.pe.leg.br\/v3\/wp-json\/wp\/v2\/types\/post"}],"author":[{"embeddable":true,"href":"https:\/\/jupi.pe.leg.br\/v3\/wp-json\/wp\/v2\/users\/2"}],"replies":[{"embeddable":true,"href":"https:\/\/jupi.pe.leg.br\/v3\/wp-json\/wp\/v2\/comments?post=2002"}],"version-history":[{"count":0,"href":"https:\/\/jupi.pe.leg.br\/v3\/wp-json\/wp\/v2\/posts\/2002\/revisions"}],"wp:attachment":[{"href":"https:\/\/jupi.pe.leg.br\/v3\/wp-json\/wp\/v2\/media?parent=2002"}],"wp:term":[{"taxonomy":"category","embeddable":true,"href":"https:\/\/jupi.pe.leg.br\/v3\/wp-json\/wp\/v2\/categories?post=2002"},{"taxonomy":"post_tag","embeddable":true,"href":"https:\/\/jupi.pe.leg.br\/v3\/wp-json\/wp\/v2\/tags?post=2002"}],"curies":[{"name":"wp","href":"https:\/\/api.w.org\/{rel}","templated":true}]}}