{"id":1999,"date":"2021-07-13T18:26:07","date_gmt":"2021-07-13T21:26:07","guid":{"rendered":"https:\/\/jupi.pe.leg.br\/v3\/?p=1999"},"modified":"2023-07-13T18:26:53","modified_gmt":"2023-07-13T21:26:53","slug":"requerimento117-2021","status":"publish","type":"post","link":"https:\/\/jupi.pe.leg.br\/v3\/requerimento117-2021\/","title":{"rendered":"Requerimento117\/2021"},"content":{"rendered":"<p>Requeiro ao Exm\u00ba. Prefeito deste munic\u00edpio, Sr. Ant\u00f4nio Marcos Patriota, por interm\u00e9dio da secretaria competente, veemente solicita\u00e7\u00e3o, para que sejam ampliadas as a\u00e7\u00f5es de rob\u00f3tica educacional em todo o Sistema Municipal de Ensino por meio da instala\u00e7\u00e3o de salas e aulas de rob\u00f3tica, tanto em turmas dos anos iniciais, como dos anos finais do ensino fundamental.<\/p>\n","protected":false},"excerpt":{"rendered":"<p>Requeiro ao Exm\u00ba. Prefeito deste munic\u00edpio, Sr. Ant\u00f4nio Marcos Patriota, por interm\u00e9dio da secretaria competente, veemente solicita\u00e7\u00e3o, para que sejam ampliadas as a\u00e7\u00f5es de rob\u00f3tica educacional em todo o Sistema Municipal de Ensino por meio da instala\u00e7\u00e3o de salas e <a class=\"leiamais\" href=\"https:\/\/jupi.pe.leg.br\/v3\/requerimento117-2021\/\">VER MAIS <i class=\"fa-solid fa-chevron-right\"><\/i><\/a><\/p>\n","protected":false},"author":2,"featured_media":0,"comment_status":"open","ping_status":"open","sticky":false,"template":"","format":"standard","meta":{"_acf_changed":false,"footnotes":""},"categories":[28,5],"tags":[],"class_list":["post-1999","post","type-post","status-publish","format-standard","hentry","category-rezilda","category-vereadores","active"],"acf":[],"_links":{"self":[{"href":"https:\/\/jupi.pe.leg.br\/v3\/wp-json\/wp\/v2\/posts\/1999","targetHints":{"allow":["GET"]}}],"collection":[{"href":"https:\/\/jupi.pe.leg.br\/v3\/wp-json\/wp\/v2\/posts"}],"about":[{"href":"https:\/\/jupi.pe.leg.br\/v3\/wp-json\/wp\/v2\/types\/post"}],"author":[{"embeddable":true,"href":"https:\/\/jupi.pe.leg.br\/v3\/wp-json\/wp\/v2\/users\/2"}],"replies":[{"embeddable":true,"href":"https:\/\/jupi.pe.leg.br\/v3\/wp-json\/wp\/v2\/comments?post=1999"}],"version-history":[{"count":0,"href":"https:\/\/jupi.pe.leg.br\/v3\/wp-json\/wp\/v2\/posts\/1999\/revisions"}],"wp:attachment":[{"href":"https:\/\/jupi.pe.leg.br\/v3\/wp-json\/wp\/v2\/media?parent=1999"}],"wp:term":[{"taxonomy":"category","embeddable":true,"href":"https:\/\/jupi.pe.leg.br\/v3\/wp-json\/wp\/v2\/categories?post=1999"},{"taxonomy":"post_tag","embeddable":true,"href":"https:\/\/jupi.pe.leg.br\/v3\/wp-json\/wp\/v2\/tags?post=1999"}],"curies":[{"name":"wp","href":"https:\/\/api.w.org\/{rel}","templated":true}]}}