{"id":1990,"date":"2021-07-13T18:23:13","date_gmt":"2021-07-13T21:23:13","guid":{"rendered":"https:\/\/jupi.pe.leg.br\/v3\/?p=1990"},"modified":"2023-07-13T18:24:03","modified_gmt":"2023-07-13T21:24:03","slug":"requerimento-053-2021","status":"publish","type":"post","link":"https:\/\/jupi.pe.leg.br\/v3\/requerimento-053-2021\/","title":{"rendered":"Requerimento 053\/2021"},"content":{"rendered":"<p>Requeiro ao Exm\u00ba. Prefeito deste munic\u00edpio Sr. Ant\u00f3nio Marcos Patriota, por interm\u00e9dio da secretaria competente, veemente apelo, no sentido de que seja criado um setor na Prefeitura Municipal de Jupi direcionado \u00e0 pesquisa, inova\u00e7\u00e3o, intelig\u00eancia e efici\u00eancia na gest\u00e3o p\u00fablica municipal, mantido com os recursos da Lei Kandir.<\/p>\n","protected":false},"excerpt":{"rendered":"<p>Requeiro ao Exm\u00ba. Prefeito deste munic\u00edpio Sr. Ant\u00f3nio Marcos Patriota, por interm\u00e9dio da secretaria competente, veemente apelo, no sentido de que seja criado um setor na Prefeitura Municipal de Jupi direcionado \u00e0 pesquisa, inova\u00e7\u00e3o, intelig\u00eancia e efici\u00eancia na gest\u00e3o p\u00fablica <a class=\"leiamais\" href=\"https:\/\/jupi.pe.leg.br\/v3\/requerimento-053-2021\/\">VER MAIS <i class=\"fa-solid fa-chevron-right\"><\/i><\/a><\/p>\n","protected":false},"author":2,"featured_media":0,"comment_status":"open","ping_status":"open","sticky":false,"template":"","format":"standard","meta":{"_acf_changed":false,"footnotes":""},"categories":[28,5],"tags":[],"class_list":["post-1990","post","type-post","status-publish","format-standard","hentry","category-rezilda","category-vereadores","active"],"acf":[],"_links":{"self":[{"href":"https:\/\/jupi.pe.leg.br\/v3\/wp-json\/wp\/v2\/posts\/1990","targetHints":{"allow":["GET"]}}],"collection":[{"href":"https:\/\/jupi.pe.leg.br\/v3\/wp-json\/wp\/v2\/posts"}],"about":[{"href":"https:\/\/jupi.pe.leg.br\/v3\/wp-json\/wp\/v2\/types\/post"}],"author":[{"embeddable":true,"href":"https:\/\/jupi.pe.leg.br\/v3\/wp-json\/wp\/v2\/users\/2"}],"replies":[{"embeddable":true,"href":"https:\/\/jupi.pe.leg.br\/v3\/wp-json\/wp\/v2\/comments?post=1990"}],"version-history":[{"count":0,"href":"https:\/\/jupi.pe.leg.br\/v3\/wp-json\/wp\/v2\/posts\/1990\/revisions"}],"wp:attachment":[{"href":"https:\/\/jupi.pe.leg.br\/v3\/wp-json\/wp\/v2\/media?parent=1990"}],"wp:term":[{"taxonomy":"category","embeddable":true,"href":"https:\/\/jupi.pe.leg.br\/v3\/wp-json\/wp\/v2\/categories?post=1990"},{"taxonomy":"post_tag","embeddable":true,"href":"https:\/\/jupi.pe.leg.br\/v3\/wp-json\/wp\/v2\/tags?post=1990"}],"curies":[{"name":"wp","href":"https:\/\/api.w.org\/{rel}","templated":true}]}}