{"id":1975,"date":"2021-07-13T18:16:52","date_gmt":"2021-07-13T21:16:52","guid":{"rendered":"https:\/\/jupi.pe.leg.br\/v3\/?p=1975"},"modified":"2023-07-13T18:19:05","modified_gmt":"2023-07-13T21:19:05","slug":"requerimento-013-2021","status":"publish","type":"post","link":"https:\/\/jupi.pe.leg.br\/v3\/requerimento-013-2021\/","title":{"rendered":"Requerimento 013\/2021"},"content":{"rendered":"<p>Requeiro ao Exm\u00ba. Prefeito deste munic\u00edpio Sr. Ant\u00f4nio Marcos Patriota, por interm\u00e9dio da secretaria competente, veemente apelo, para o retorno das aulas presenciais no formato h\u00edbrido nas escolas e creches urbanas e rurais da Rede Municipal de Ensino deste munic\u00edpio.<\/p>\n<p>&nbsp;<\/p>\n","protected":false},"excerpt":{"rendered":"<p>Requeiro ao Exm\u00ba. Prefeito deste munic\u00edpio Sr. Ant\u00f4nio Marcos Patriota, por interm\u00e9dio da secretaria competente, veemente apelo, para o retorno das aulas presenciais no formato h\u00edbrido nas escolas e creches urbanas e rurais da Rede Municipal de Ensino deste munic\u00edpio. <a class=\"leiamais\" href=\"https:\/\/jupi.pe.leg.br\/v3\/requerimento-013-2021\/\">VER MAIS <i class=\"fa-solid fa-chevron-right\"><\/i><\/a><\/p>\n","protected":false},"author":2,"featured_media":0,"comment_status":"open","ping_status":"open","sticky":false,"template":"","format":"standard","meta":{"_acf_changed":false,"footnotes":""},"categories":[28,5],"tags":[],"class_list":["post-1975","post","type-post","status-publish","format-standard","hentry","category-rezilda","category-vereadores","active"],"acf":[],"_links":{"self":[{"href":"https:\/\/jupi.pe.leg.br\/v3\/wp-json\/wp\/v2\/posts\/1975","targetHints":{"allow":["GET"]}}],"collection":[{"href":"https:\/\/jupi.pe.leg.br\/v3\/wp-json\/wp\/v2\/posts"}],"about":[{"href":"https:\/\/jupi.pe.leg.br\/v3\/wp-json\/wp\/v2\/types\/post"}],"author":[{"embeddable":true,"href":"https:\/\/jupi.pe.leg.br\/v3\/wp-json\/wp\/v2\/users\/2"}],"replies":[{"embeddable":true,"href":"https:\/\/jupi.pe.leg.br\/v3\/wp-json\/wp\/v2\/comments?post=1975"}],"version-history":[{"count":0,"href":"https:\/\/jupi.pe.leg.br\/v3\/wp-json\/wp\/v2\/posts\/1975\/revisions"}],"wp:attachment":[{"href":"https:\/\/jupi.pe.leg.br\/v3\/wp-json\/wp\/v2\/media?parent=1975"}],"wp:term":[{"taxonomy":"category","embeddable":true,"href":"https:\/\/jupi.pe.leg.br\/v3\/wp-json\/wp\/v2\/categories?post=1975"},{"taxonomy":"post_tag","embeddable":true,"href":"https:\/\/jupi.pe.leg.br\/v3\/wp-json\/wp\/v2\/tags?post=1975"}],"curies":[{"name":"wp","href":"https:\/\/api.w.org\/{rel}","templated":true}]}}