{"id":1960,"date":"2021-07-13T18:07:37","date_gmt":"2021-07-13T21:07:37","guid":{"rendered":"https:\/\/jupi.pe.leg.br\/v3\/?p=1960"},"modified":"2023-07-13T18:09:19","modified_gmt":"2023-07-13T21:09:19","slug":"requerimento-209-2021","status":"publish","type":"post","link":"https:\/\/jupi.pe.leg.br\/v3\/requerimento-209-2021\/","title":{"rendered":"Requerimento 209\/2021"},"content":{"rendered":"<p>Requeiro ao Exm\u00ba. Prefeito deste munic\u00edpio, Sr. Ant\u00f4nio Marcos Patriota, em parceria com o IPA &#8211; Instituto Agron\u00f4mico de Pernambuco, veemente apelo, no sentido de que seja disponibilizado um t\u00e9cnico para prestar assist\u00eancia nas propriedades rurais e auxiliar no processo da DAP &#8211; Declara\u00e7\u00e3o de Aptid\u00e3o ao Pronaf, aos agricultores do nosso munic\u00edpio.<\/p>\n","protected":false},"excerpt":{"rendered":"<p>Requeiro ao Exm\u00ba. Prefeito deste munic\u00edpio, Sr. Ant\u00f4nio Marcos Patriota, em parceria com o IPA &#8211; Instituto Agron\u00f4mico de Pernambuco, veemente apelo, no sentido de que seja disponibilizado um t\u00e9cnico para prestar assist\u00eancia nas propriedades rurais e auxiliar no processo <a class=\"leiamais\" href=\"https:\/\/jupi.pe.leg.br\/v3\/requerimento-209-2021\/\">VER MAIS <i class=\"fa-solid fa-chevron-right\"><\/i><\/a><\/p>\n","protected":false},"author":2,"featured_media":0,"comment_status":"open","ping_status":"open","sticky":false,"template":"","format":"standard","meta":{"_acf_changed":false,"footnotes":""},"categories":[14,5],"tags":[],"class_list":["post-1960","post","type-post","status-publish","format-standard","hentry","category-ver_paulocesar","category-vereadores","active"],"acf":[],"_links":{"self":[{"href":"https:\/\/jupi.pe.leg.br\/v3\/wp-json\/wp\/v2\/posts\/1960","targetHints":{"allow":["GET"]}}],"collection":[{"href":"https:\/\/jupi.pe.leg.br\/v3\/wp-json\/wp\/v2\/posts"}],"about":[{"href":"https:\/\/jupi.pe.leg.br\/v3\/wp-json\/wp\/v2\/types\/post"}],"author":[{"embeddable":true,"href":"https:\/\/jupi.pe.leg.br\/v3\/wp-json\/wp\/v2\/users\/2"}],"replies":[{"embeddable":true,"href":"https:\/\/jupi.pe.leg.br\/v3\/wp-json\/wp\/v2\/comments?post=1960"}],"version-history":[{"count":0,"href":"https:\/\/jupi.pe.leg.br\/v3\/wp-json\/wp\/v2\/posts\/1960\/revisions"}],"wp:attachment":[{"href":"https:\/\/jupi.pe.leg.br\/v3\/wp-json\/wp\/v2\/media?parent=1960"}],"wp:term":[{"taxonomy":"category","embeddable":true,"href":"https:\/\/jupi.pe.leg.br\/v3\/wp-json\/wp\/v2\/categories?post=1960"},{"taxonomy":"post_tag","embeddable":true,"href":"https:\/\/jupi.pe.leg.br\/v3\/wp-json\/wp\/v2\/tags?post=1960"}],"curies":[{"name":"wp","href":"https:\/\/api.w.org\/{rel}","templated":true}]}}