{"id":1950,"date":"2021-07-13T18:04:50","date_gmt":"2021-07-13T21:04:50","guid":{"rendered":"https:\/\/jupi.pe.leg.br\/v3\/?p=1950"},"modified":"2023-07-13T18:05:43","modified_gmt":"2023-07-13T21:05:43","slug":"requerimento-191-2021","status":"publish","type":"post","link":"https:\/\/jupi.pe.leg.br\/v3\/requerimento-191-2021\/","title":{"rendered":"Requerimento 191\/2021"},"content":{"rendered":"<p>Requeiro no sentido de que sejam consignados aos familiares, votos de profundo pesar pelo falecimento do Sr. Jos\u00e9 Silvestre de Ara\u00fajo (Z\u00e9 de Mira), ocorrido no m\u00eas em curso.<br \/>\nAp\u00f3s aprova\u00e7\u00e3o em Plen\u00e1rio, seja dado conhecimento aos seus familiares.<\/p>\n","protected":false},"excerpt":{"rendered":"<p>Requeiro no sentido de que sejam consignados aos familiares, votos de profundo pesar pelo falecimento do Sr. Jos\u00e9 Silvestre de Ara\u00fajo (Z\u00e9 de Mira), ocorrido no m\u00eas em curso. Ap\u00f3s aprova\u00e7\u00e3o em Plen\u00e1rio, seja dado conhecimento aos seus familiares.<\/p>\n","protected":false},"author":2,"featured_media":0,"comment_status":"open","ping_status":"open","sticky":false,"template":"","format":"standard","meta":{"_acf_changed":false,"footnotes":""},"categories":[14,5],"tags":[],"class_list":["post-1950","post","type-post","status-publish","format-standard","hentry","category-ver_paulocesar","category-vereadores","active"],"acf":[],"_links":{"self":[{"href":"https:\/\/jupi.pe.leg.br\/v3\/wp-json\/wp\/v2\/posts\/1950","targetHints":{"allow":["GET"]}}],"collection":[{"href":"https:\/\/jupi.pe.leg.br\/v3\/wp-json\/wp\/v2\/posts"}],"about":[{"href":"https:\/\/jupi.pe.leg.br\/v3\/wp-json\/wp\/v2\/types\/post"}],"author":[{"embeddable":true,"href":"https:\/\/jupi.pe.leg.br\/v3\/wp-json\/wp\/v2\/users\/2"}],"replies":[{"embeddable":true,"href":"https:\/\/jupi.pe.leg.br\/v3\/wp-json\/wp\/v2\/comments?post=1950"}],"version-history":[{"count":0,"href":"https:\/\/jupi.pe.leg.br\/v3\/wp-json\/wp\/v2\/posts\/1950\/revisions"}],"wp:attachment":[{"href":"https:\/\/jupi.pe.leg.br\/v3\/wp-json\/wp\/v2\/media?parent=1950"}],"wp:term":[{"taxonomy":"category","embeddable":true,"href":"https:\/\/jupi.pe.leg.br\/v3\/wp-json\/wp\/v2\/categories?post=1950"},{"taxonomy":"post_tag","embeddable":true,"href":"https:\/\/jupi.pe.leg.br\/v3\/wp-json\/wp\/v2\/tags?post=1950"}],"curies":[{"name":"wp","href":"https:\/\/api.w.org\/{rel}","templated":true}]}}