{"id":1911,"date":"2021-07-13T17:52:00","date_gmt":"2021-07-13T20:52:00","guid":{"rendered":"https:\/\/jupi.pe.leg.br\/v3\/?p=1911"},"modified":"2023-07-13T17:52:53","modified_gmt":"2023-07-13T20:52:53","slug":"requerimento-034-2021","status":"publish","type":"post","link":"https:\/\/jupi.pe.leg.br\/v3\/requerimento-034-2021\/","title":{"rendered":"Requerimento 034\/2021"},"content":{"rendered":"<p>Requeiro no sentido de que sejam consignados aos familiares, votos de profundo pesar pelo falecimento do Sr. Jo\u00e3o Gon\u00e7alves de Almeida (Jota Ferreira), ocorrido no m\u00eas em curso.<br \/>\nAp\u00f3s aprova\u00e7\u00e3o em Plen\u00e1rio, seja dado conhecimento aos seus familiares.<\/p>\n","protected":false},"excerpt":{"rendered":"<p>Requeiro no sentido de que sejam consignados aos familiares, votos de profundo pesar pelo falecimento do Sr. Jo\u00e3o Gon\u00e7alves de Almeida (Jota Ferreira), ocorrido no m\u00eas em curso. Ap\u00f3s aprova\u00e7\u00e3o em Plen\u00e1rio, seja dado conhecimento aos seus familiares.<\/p>\n","protected":false},"author":2,"featured_media":0,"comment_status":"open","ping_status":"open","sticky":false,"template":"","format":"standard","meta":{"_acf_changed":false,"footnotes":""},"categories":[14,5],"tags":[],"class_list":["post-1911","post","type-post","status-publish","format-standard","hentry","category-ver_paulocesar","category-vereadores","active"],"acf":[],"_links":{"self":[{"href":"https:\/\/jupi.pe.leg.br\/v3\/wp-json\/wp\/v2\/posts\/1911","targetHints":{"allow":["GET"]}}],"collection":[{"href":"https:\/\/jupi.pe.leg.br\/v3\/wp-json\/wp\/v2\/posts"}],"about":[{"href":"https:\/\/jupi.pe.leg.br\/v3\/wp-json\/wp\/v2\/types\/post"}],"author":[{"embeddable":true,"href":"https:\/\/jupi.pe.leg.br\/v3\/wp-json\/wp\/v2\/users\/2"}],"replies":[{"embeddable":true,"href":"https:\/\/jupi.pe.leg.br\/v3\/wp-json\/wp\/v2\/comments?post=1911"}],"version-history":[{"count":0,"href":"https:\/\/jupi.pe.leg.br\/v3\/wp-json\/wp\/v2\/posts\/1911\/revisions"}],"wp:attachment":[{"href":"https:\/\/jupi.pe.leg.br\/v3\/wp-json\/wp\/v2\/media?parent=1911"}],"wp:term":[{"taxonomy":"category","embeddable":true,"href":"https:\/\/jupi.pe.leg.br\/v3\/wp-json\/wp\/v2\/categories?post=1911"},{"taxonomy":"post_tag","embeddable":true,"href":"https:\/\/jupi.pe.leg.br\/v3\/wp-json\/wp\/v2\/tags?post=1911"}],"curies":[{"name":"wp","href":"https:\/\/api.w.org\/{rel}","templated":true}]}}