{"id":1902,"date":"2021-07-13T17:47:45","date_gmt":"2021-07-13T20:47:45","guid":{"rendered":"https:\/\/jupi.pe.leg.br\/v3\/?p=1902"},"modified":"2023-07-13T17:48:45","modified_gmt":"2023-07-13T20:48:45","slug":"requerimento-009-2021","status":"publish","type":"post","link":"https:\/\/jupi.pe.leg.br\/v3\/requerimento-009-2021\/","title":{"rendered":"Requerimento 009\/2021"},"content":{"rendered":"<p>Requeiro ao Senhor Prefeito deste munic\u00edpio Sr. Ant\u00f4nio Marcos Patriota, por interm\u00e9dio da secretaria competente, veemente apelo, no sentido de que sejam disponibilizados meios de transporte para as comunidades dos S\u00edtios: Grot\u00e3o, Areias, Minas, Pau-Ferro e Mucuim, deste munic\u00edpio, com a finalidade de atender pacientes que necessitam serem removidos at\u00e9 a UBS (Unidade B\u00e1sica de Sa\u00fade) do Povoado Col\u00f4nia ou a Unidade Municipal de Sa\u00fade Claudina Teixeira, para realiza\u00e7\u00e3o de atendimentos m\u00e9dicos.<\/p>\n<p>&nbsp;<\/p>\n","protected":false},"excerpt":{"rendered":"<p>Requeiro ao Senhor Prefeito deste munic\u00edpio Sr. Ant\u00f4nio Marcos Patriota, por interm\u00e9dio da secretaria competente, veemente apelo, no sentido de que sejam disponibilizados meios de transporte para as comunidades dos S\u00edtios: Grot\u00e3o, Areias, Minas, Pau-Ferro e Mucuim, deste munic\u00edpio, com <a class=\"leiamais\" href=\"https:\/\/jupi.pe.leg.br\/v3\/requerimento-009-2021\/\">VER MAIS <i class=\"fa-solid fa-chevron-right\"><\/i><\/a><\/p>\n","protected":false},"author":2,"featured_media":0,"comment_status":"open","ping_status":"open","sticky":false,"template":"","format":"standard","meta":{"_acf_changed":false,"footnotes":""},"categories":[14,5],"tags":[],"class_list":["post-1902","post","type-post","status-publish","format-standard","hentry","category-ver_paulocesar","category-vereadores","active"],"acf":[],"_links":{"self":[{"href":"https:\/\/jupi.pe.leg.br\/v3\/wp-json\/wp\/v2\/posts\/1902","targetHints":{"allow":["GET"]}}],"collection":[{"href":"https:\/\/jupi.pe.leg.br\/v3\/wp-json\/wp\/v2\/posts"}],"about":[{"href":"https:\/\/jupi.pe.leg.br\/v3\/wp-json\/wp\/v2\/types\/post"}],"author":[{"embeddable":true,"href":"https:\/\/jupi.pe.leg.br\/v3\/wp-json\/wp\/v2\/users\/2"}],"replies":[{"embeddable":true,"href":"https:\/\/jupi.pe.leg.br\/v3\/wp-json\/wp\/v2\/comments?post=1902"}],"version-history":[{"count":0,"href":"https:\/\/jupi.pe.leg.br\/v3\/wp-json\/wp\/v2\/posts\/1902\/revisions"}],"wp:attachment":[{"href":"https:\/\/jupi.pe.leg.br\/v3\/wp-json\/wp\/v2\/media?parent=1902"}],"wp:term":[{"taxonomy":"category","embeddable":true,"href":"https:\/\/jupi.pe.leg.br\/v3\/wp-json\/wp\/v2\/categories?post=1902"},{"taxonomy":"post_tag","embeddable":true,"href":"https:\/\/jupi.pe.leg.br\/v3\/wp-json\/wp\/v2\/tags?post=1902"}],"curies":[{"name":"wp","href":"https:\/\/api.w.org\/{rel}","templated":true}]}}