{"id":1888,"date":"2021-07-13T17:41:38","date_gmt":"2021-07-13T20:41:38","guid":{"rendered":"https:\/\/jupi.pe.leg.br\/v3\/?p=1888"},"modified":"2023-07-13T17:42:28","modified_gmt":"2023-07-13T20:42:28","slug":"requerimento-173-2021","status":"publish","type":"post","link":"https:\/\/jupi.pe.leg.br\/v3\/requerimento-173-2021\/","title":{"rendered":"Requerimento 173\/2021"},"content":{"rendered":"<p>Requeiro ao Prefeito deste munic\u00edpio Sr. Ant\u00f4nio Marcos Patriota, por interm\u00e9dio da Secretaria competente, veemente apelo, no sentido de que seja realizado servi\u00e7o de<br \/>\nmanuten\u00e7\u00e3o, restaura\u00e7\u00e3o e implanta\u00e7\u00e3o de Ilumina\u00e7\u00e3o P\u00fablica na Zona Rural do munic\u00edpio de Jupi-PE.<\/p>\n","protected":false},"excerpt":{"rendered":"<p>Requeiro ao Prefeito deste munic\u00edpio Sr. Ant\u00f4nio Marcos Patriota, por interm\u00e9dio da Secretaria competente, veemente apelo, no sentido de que seja realizado servi\u00e7o de manuten\u00e7\u00e3o, restaura\u00e7\u00e3o e implanta\u00e7\u00e3o de Ilumina\u00e7\u00e3o P\u00fablica na Zona Rural do munic\u00edpio de Jupi-PE.<\/p>\n","protected":false},"author":2,"featured_media":0,"comment_status":"open","ping_status":"open","sticky":false,"template":"","format":"standard","meta":{"_acf_changed":false,"footnotes":""},"categories":[12,5],"tags":[],"class_list":["post-1888","post","type-post","status-publish","format-standard","hentry","category-ver_ledson","category-vereadores","active"],"acf":[],"_links":{"self":[{"href":"https:\/\/jupi.pe.leg.br\/v3\/wp-json\/wp\/v2\/posts\/1888","targetHints":{"allow":["GET"]}}],"collection":[{"href":"https:\/\/jupi.pe.leg.br\/v3\/wp-json\/wp\/v2\/posts"}],"about":[{"href":"https:\/\/jupi.pe.leg.br\/v3\/wp-json\/wp\/v2\/types\/post"}],"author":[{"embeddable":true,"href":"https:\/\/jupi.pe.leg.br\/v3\/wp-json\/wp\/v2\/users\/2"}],"replies":[{"embeddable":true,"href":"https:\/\/jupi.pe.leg.br\/v3\/wp-json\/wp\/v2\/comments?post=1888"}],"version-history":[{"count":0,"href":"https:\/\/jupi.pe.leg.br\/v3\/wp-json\/wp\/v2\/posts\/1888\/revisions"}],"wp:attachment":[{"href":"https:\/\/jupi.pe.leg.br\/v3\/wp-json\/wp\/v2\/media?parent=1888"}],"wp:term":[{"taxonomy":"category","embeddable":true,"href":"https:\/\/jupi.pe.leg.br\/v3\/wp-json\/wp\/v2\/categories?post=1888"},{"taxonomy":"post_tag","embeddable":true,"href":"https:\/\/jupi.pe.leg.br\/v3\/wp-json\/wp\/v2\/tags?post=1888"}],"curies":[{"name":"wp","href":"https:\/\/api.w.org\/{rel}","templated":true}]}}