{"id":1852,"date":"2021-07-13T17:29:22","date_gmt":"2021-07-13T20:29:22","guid":{"rendered":"https:\/\/jupi.pe.leg.br\/v3\/?p=1852"},"modified":"2023-07-13T17:30:08","modified_gmt":"2023-07-13T20:30:08","slug":"requerimento-059-2021","status":"publish","type":"post","link":"https:\/\/jupi.pe.leg.br\/v3\/requerimento-059-2021\/","title":{"rendered":"Requerimento 059\/2021"},"content":{"rendered":"<p>Requeiro ao Exm\u00ba. Prefeito deste munic\u00edpio Sr. Ant\u00f4nio Marcos Patriota, por interm\u00e9dio da secretaria competente, veemente apelo, no sentido de que seja implantado no munic\u00edpio de Jupi:<br \/>\n\u2022 O setor de Almoxarifado Central;<br \/>\n\u2022 O setor de Arquivo Central.<\/p>\n","protected":false},"excerpt":{"rendered":"<p>Requeiro ao Exm\u00ba. Prefeito deste munic\u00edpio Sr. Ant\u00f4nio Marcos Patriota, por interm\u00e9dio da secretaria competente, veemente apelo, no sentido de que seja implantado no munic\u00edpio de Jupi: \u2022 O setor de Almoxarifado Central; \u2022 O setor de Arquivo Central.<\/p>\n","protected":false},"author":2,"featured_media":0,"comment_status":"open","ping_status":"open","sticky":false,"template":"","format":"standard","meta":{"_acf_changed":false,"footnotes":""},"categories":[12,5],"tags":[],"class_list":["post-1852","post","type-post","status-publish","format-standard","hentry","category-ver_ledson","category-vereadores","active"],"acf":[],"_links":{"self":[{"href":"https:\/\/jupi.pe.leg.br\/v3\/wp-json\/wp\/v2\/posts\/1852","targetHints":{"allow":["GET"]}}],"collection":[{"href":"https:\/\/jupi.pe.leg.br\/v3\/wp-json\/wp\/v2\/posts"}],"about":[{"href":"https:\/\/jupi.pe.leg.br\/v3\/wp-json\/wp\/v2\/types\/post"}],"author":[{"embeddable":true,"href":"https:\/\/jupi.pe.leg.br\/v3\/wp-json\/wp\/v2\/users\/2"}],"replies":[{"embeddable":true,"href":"https:\/\/jupi.pe.leg.br\/v3\/wp-json\/wp\/v2\/comments?post=1852"}],"version-history":[{"count":0,"href":"https:\/\/jupi.pe.leg.br\/v3\/wp-json\/wp\/v2\/posts\/1852\/revisions"}],"wp:attachment":[{"href":"https:\/\/jupi.pe.leg.br\/v3\/wp-json\/wp\/v2\/media?parent=1852"}],"wp:term":[{"taxonomy":"category","embeddable":true,"href":"https:\/\/jupi.pe.leg.br\/v3\/wp-json\/wp\/v2\/categories?post=1852"},{"taxonomy":"post_tag","embeddable":true,"href":"https:\/\/jupi.pe.leg.br\/v3\/wp-json\/wp\/v2\/tags?post=1852"}],"curies":[{"name":"wp","href":"https:\/\/api.w.org\/{rel}","templated":true}]}}