{"id":1837,"date":"2021-07-13T17:24:35","date_gmt":"2021-07-13T20:24:35","guid":{"rendered":"https:\/\/jupi.pe.leg.br\/v3\/?p=1837"},"modified":"2023-07-13T17:25:21","modified_gmt":"2023-07-13T20:25:21","slug":"requerimento-021-2021","status":"publish","type":"post","link":"https:\/\/jupi.pe.leg.br\/v3\/requerimento-021-2021\/","title":{"rendered":"Requerimento 021\/2021"},"content":{"rendered":"<p>Requeiro ao Prefeito deste munic\u00edpio Sr. Ant\u00f4nio Marcos Patriota, por interm\u00e9dio da secretaria competente, veemente apelo, no sentido de que sejam atendidas as seguintes reivindica\u00e7\u00f5es para nossa cidade:<br \/>\n&#8211; Criar programa espec\u00edfico para instala\u00e7\u00e3o e manuten\u00e7\u00e3o de Ilumina\u00e7\u00e3o P\u00fablica;<br \/>\n&#8211; Criar canal de comunica\u00e7\u00e3o para a popula\u00e7\u00e3o solicitar reparos e manuten\u00e7\u00e3o de postes.<\/p>\n","protected":false},"excerpt":{"rendered":"<p>Requeiro ao Prefeito deste munic\u00edpio Sr. Ant\u00f4nio Marcos Patriota, por interm\u00e9dio da secretaria competente, veemente apelo, no sentido de que sejam atendidas as seguintes reivindica\u00e7\u00f5es para nossa cidade: &#8211; Criar programa espec\u00edfico para instala\u00e7\u00e3o e manuten\u00e7\u00e3o de Ilumina\u00e7\u00e3o P\u00fablica; &#8211; <a class=\"leiamais\" href=\"https:\/\/jupi.pe.leg.br\/v3\/requerimento-021-2021\/\">VER MAIS <i class=\"fa-solid fa-chevron-right\"><\/i><\/a><\/p>\n","protected":false},"author":2,"featured_media":0,"comment_status":"open","ping_status":"open","sticky":false,"template":"","format":"standard","meta":{"_acf_changed":false,"footnotes":""},"categories":[12,5],"tags":[],"class_list":["post-1837","post","type-post","status-publish","format-standard","hentry","category-ver_ledson","category-vereadores","active"],"acf":[],"_links":{"self":[{"href":"https:\/\/jupi.pe.leg.br\/v3\/wp-json\/wp\/v2\/posts\/1837","targetHints":{"allow":["GET"]}}],"collection":[{"href":"https:\/\/jupi.pe.leg.br\/v3\/wp-json\/wp\/v2\/posts"}],"about":[{"href":"https:\/\/jupi.pe.leg.br\/v3\/wp-json\/wp\/v2\/types\/post"}],"author":[{"embeddable":true,"href":"https:\/\/jupi.pe.leg.br\/v3\/wp-json\/wp\/v2\/users\/2"}],"replies":[{"embeddable":true,"href":"https:\/\/jupi.pe.leg.br\/v3\/wp-json\/wp\/v2\/comments?post=1837"}],"version-history":[{"count":0,"href":"https:\/\/jupi.pe.leg.br\/v3\/wp-json\/wp\/v2\/posts\/1837\/revisions"}],"wp:attachment":[{"href":"https:\/\/jupi.pe.leg.br\/v3\/wp-json\/wp\/v2\/media?parent=1837"}],"wp:term":[{"taxonomy":"category","embeddable":true,"href":"https:\/\/jupi.pe.leg.br\/v3\/wp-json\/wp\/v2\/categories?post=1837"},{"taxonomy":"post_tag","embeddable":true,"href":"https:\/\/jupi.pe.leg.br\/v3\/wp-json\/wp\/v2\/tags?post=1837"}],"curies":[{"name":"wp","href":"https:\/\/api.w.org\/{rel}","templated":true}]}}