{"id":1818,"date":"2021-07-13T17:16:10","date_gmt":"2021-07-13T20:16:10","guid":{"rendered":"https:\/\/jupi.pe.leg.br\/v3\/?p=1818"},"modified":"2023-07-13T17:17:09","modified_gmt":"2023-07-13T20:17:09","slug":"requerimento-199-2021","status":"publish","type":"post","link":"https:\/\/jupi.pe.leg.br\/v3\/requerimento-199-2021\/","title":{"rendered":"Requerimento 199\/2021"},"content":{"rendered":"<p>Requeiro \u00e0 llm\u00aa. Secret\u00e1ria Municipal de Assist\u00eancia Social, Sra. Fabiana Quintino de Ara\u00fajo Patriota, veemente apelo, no sentido de que os benefici\u00e1rios cadastrados nos programas assistenciais do munic\u00edpio e que prestam servi\u00e7os nas ind\u00fastrias de farinha da nossa cidade, sejam atendidos \u00e0s segundas-feiras, urna vez que, neste dia as citadas ind\u00fastrias n\u00e3o funcionam.<\/p>\n","protected":false},"excerpt":{"rendered":"<p>Requeiro \u00e0 llm\u00aa. Secret\u00e1ria Municipal de Assist\u00eancia Social, Sra. Fabiana Quintino de Ara\u00fajo Patriota, veemente apelo, no sentido de que os benefici\u00e1rios cadastrados nos programas assistenciais do munic\u00edpio e que prestam servi\u00e7os nas ind\u00fastrias de farinha da nossa cidade, sejam <a class=\"leiamais\" href=\"https:\/\/jupi.pe.leg.br\/v3\/requerimento-199-2021\/\">VER MAIS <i class=\"fa-solid fa-chevron-right\"><\/i><\/a><\/p>\n","protected":false},"author":2,"featured_media":0,"comment_status":"open","ping_status":"open","sticky":false,"template":"","format":"standard","meta":{"_acf_changed":false,"footnotes":""},"categories":[19,5],"tags":[],"class_list":["post-1818","post","type-post","status-publish","format-standard","hentry","category-ver_joselma","category-vereadores","active"],"acf":[],"_links":{"self":[{"href":"https:\/\/jupi.pe.leg.br\/v3\/wp-json\/wp\/v2\/posts\/1818","targetHints":{"allow":["GET"]}}],"collection":[{"href":"https:\/\/jupi.pe.leg.br\/v3\/wp-json\/wp\/v2\/posts"}],"about":[{"href":"https:\/\/jupi.pe.leg.br\/v3\/wp-json\/wp\/v2\/types\/post"}],"author":[{"embeddable":true,"href":"https:\/\/jupi.pe.leg.br\/v3\/wp-json\/wp\/v2\/users\/2"}],"replies":[{"embeddable":true,"href":"https:\/\/jupi.pe.leg.br\/v3\/wp-json\/wp\/v2\/comments?post=1818"}],"version-history":[{"count":0,"href":"https:\/\/jupi.pe.leg.br\/v3\/wp-json\/wp\/v2\/posts\/1818\/revisions"}],"wp:attachment":[{"href":"https:\/\/jupi.pe.leg.br\/v3\/wp-json\/wp\/v2\/media?parent=1818"}],"wp:term":[{"taxonomy":"category","embeddable":true,"href":"https:\/\/jupi.pe.leg.br\/v3\/wp-json\/wp\/v2\/categories?post=1818"},{"taxonomy":"post_tag","embeddable":true,"href":"https:\/\/jupi.pe.leg.br\/v3\/wp-json\/wp\/v2\/tags?post=1818"}],"curies":[{"name":"wp","href":"https:\/\/api.w.org\/{rel}","templated":true}]}}