{"id":1780,"date":"2021-07-13T16:52:25","date_gmt":"2021-07-13T19:52:25","guid":{"rendered":"https:\/\/jupi.pe.leg.br\/v3\/?p=1780"},"modified":"2023-07-13T16:53:30","modified_gmt":"2023-07-13T19:53:30","slug":"requerimento-205-2021","status":"publish","type":"post","link":"https:\/\/jupi.pe.leg.br\/v3\/requerimento-205-2021\/","title":{"rendered":"Requerimento 205\/2021"},"content":{"rendered":"<p>Requeiro no sentido de que sejam consignados aos familiares, votos de profundo pesar pelo falecimento do Sr. Ant\u00f4nio Marcos de Melo, ocorrido no m\u00eas em curso.<br \/>\nAp\u00f3s aprova\u00e7\u00e3o em Plen\u00e1rio, que seja dado conhecimento aos seus familiares.<\/p>\n","protected":false},"excerpt":{"rendered":"<p>Requeiro no sentido de que sejam consignados aos familiares, votos de profundo pesar pelo falecimento do Sr. Ant\u00f4nio Marcos de Melo, ocorrido no m\u00eas em curso. Ap\u00f3s aprova\u00e7\u00e3o em Plen\u00e1rio, que seja dado conhecimento aos seus familiares.<\/p>\n","protected":false},"author":2,"featured_media":0,"comment_status":"open","ping_status":"open","sticky":false,"template":"","format":"standard","meta":{"_acf_changed":false,"footnotes":""},"categories":[26,5],"tags":[],"class_list":["post-1780","post","type-post","status-publish","format-standard","hentry","category-fabio-da-raposa","category-vereadores","active"],"acf":[],"_links":{"self":[{"href":"https:\/\/jupi.pe.leg.br\/v3\/wp-json\/wp\/v2\/posts\/1780","targetHints":{"allow":["GET"]}}],"collection":[{"href":"https:\/\/jupi.pe.leg.br\/v3\/wp-json\/wp\/v2\/posts"}],"about":[{"href":"https:\/\/jupi.pe.leg.br\/v3\/wp-json\/wp\/v2\/types\/post"}],"author":[{"embeddable":true,"href":"https:\/\/jupi.pe.leg.br\/v3\/wp-json\/wp\/v2\/users\/2"}],"replies":[{"embeddable":true,"href":"https:\/\/jupi.pe.leg.br\/v3\/wp-json\/wp\/v2\/comments?post=1780"}],"version-history":[{"count":0,"href":"https:\/\/jupi.pe.leg.br\/v3\/wp-json\/wp\/v2\/posts\/1780\/revisions"}],"wp:attachment":[{"href":"https:\/\/jupi.pe.leg.br\/v3\/wp-json\/wp\/v2\/media?parent=1780"}],"wp:term":[{"taxonomy":"category","embeddable":true,"href":"https:\/\/jupi.pe.leg.br\/v3\/wp-json\/wp\/v2\/categories?post=1780"},{"taxonomy":"post_tag","embeddable":true,"href":"https:\/\/jupi.pe.leg.br\/v3\/wp-json\/wp\/v2\/tags?post=1780"}],"curies":[{"name":"wp","href":"https:\/\/api.w.org\/{rel}","templated":true}]}}