{"id":1768,"date":"2021-07-13T16:47:18","date_gmt":"2021-07-13T19:47:18","guid":{"rendered":"https:\/\/jupi.pe.leg.br\/v3\/?p=1768"},"modified":"2023-07-13T16:48:48","modified_gmt":"2023-07-13T19:48:48","slug":"requerimento-192-2021","status":"publish","type":"post","link":"https:\/\/jupi.pe.leg.br\/v3\/requerimento-192-2021\/","title":{"rendered":"Requerimento 192\/2021"},"content":{"rendered":"<p>Requeiro ao Exm\u00ba. Prefeito deste munic\u00edpio, Sr. Ant\u00f4nio Marcos Patriota, por interm\u00e9dio da secretaria competente, veemente apelo, no sentido de que anualmente, nas comunidades rurais deste munic\u00edpio, sejam realizadas nas sedes das escolas e associa\u00e7\u00f5es, as festividades em comemora\u00e7\u00e3o ao dia das crian\u00e7as, das m\u00e3es, dos pais, do agricultor e outras que se fa\u00e7am necess\u00e1rias.<\/p>\n","protected":false},"excerpt":{"rendered":"<p>Requeiro ao Exm\u00ba. Prefeito deste munic\u00edpio, Sr. Ant\u00f4nio Marcos Patriota, por interm\u00e9dio da secretaria competente, veemente apelo, no sentido de que anualmente, nas comunidades rurais deste munic\u00edpio, sejam realizadas nas sedes das escolas e associa\u00e7\u00f5es, as festividades em comemora\u00e7\u00e3o ao <a class=\"leiamais\" href=\"https:\/\/jupi.pe.leg.br\/v3\/requerimento-192-2021\/\">VER MAIS <i class=\"fa-solid fa-chevron-right\"><\/i><\/a><\/p>\n","protected":false},"author":2,"featured_media":0,"comment_status":"open","ping_status":"open","sticky":false,"template":"","format":"standard","meta":{"_acf_changed":false,"footnotes":""},"categories":[26,5],"tags":[],"class_list":["post-1768","post","type-post","status-publish","format-standard","hentry","category-fabio-da-raposa","category-vereadores","active"],"acf":[],"_links":{"self":[{"href":"https:\/\/jupi.pe.leg.br\/v3\/wp-json\/wp\/v2\/posts\/1768","targetHints":{"allow":["GET"]}}],"collection":[{"href":"https:\/\/jupi.pe.leg.br\/v3\/wp-json\/wp\/v2\/posts"}],"about":[{"href":"https:\/\/jupi.pe.leg.br\/v3\/wp-json\/wp\/v2\/types\/post"}],"author":[{"embeddable":true,"href":"https:\/\/jupi.pe.leg.br\/v3\/wp-json\/wp\/v2\/users\/2"}],"replies":[{"embeddable":true,"href":"https:\/\/jupi.pe.leg.br\/v3\/wp-json\/wp\/v2\/comments?post=1768"}],"version-history":[{"count":0,"href":"https:\/\/jupi.pe.leg.br\/v3\/wp-json\/wp\/v2\/posts\/1768\/revisions"}],"wp:attachment":[{"href":"https:\/\/jupi.pe.leg.br\/v3\/wp-json\/wp\/v2\/media?parent=1768"}],"wp:term":[{"taxonomy":"category","embeddable":true,"href":"https:\/\/jupi.pe.leg.br\/v3\/wp-json\/wp\/v2\/categories?post=1768"},{"taxonomy":"post_tag","embeddable":true,"href":"https:\/\/jupi.pe.leg.br\/v3\/wp-json\/wp\/v2\/tags?post=1768"}],"curies":[{"name":"wp","href":"https:\/\/api.w.org\/{rel}","templated":true}]}}