{"id":1754,"date":"2021-07-13T16:40:16","date_gmt":"2021-07-13T19:40:16","guid":{"rendered":"https:\/\/jupi.pe.leg.br\/v3\/?p=1754"},"modified":"2023-07-13T16:41:06","modified_gmt":"2023-07-13T19:41:06","slug":"requerimento-169-2021","status":"publish","type":"post","link":"https:\/\/jupi.pe.leg.br\/v3\/requerimento-169-2021\/","title":{"rendered":"Requerimento 169\/2021"},"content":{"rendered":"<p>Requeiro ao Exm\u00ba. Prefeito deste munic\u00edpio, Sr. Ant\u00f4nio Marcos Patriota, veemente apelo, no sentido de seja incentivada a pr\u00e1tica da agricultura irrigada no munic\u00edpio de Jupi\/PE, nas proximidades das barragens comunit\u00e1rias e demais \u00e1reas com capacidade h\u00eddrica suficiente, em parceria com as secretarias municipais, estaduais e federais competentes.<\/p>\n","protected":false},"excerpt":{"rendered":"<p>Requeiro ao Exm\u00ba. Prefeito deste munic\u00edpio, Sr. Ant\u00f4nio Marcos Patriota, veemente apelo, no sentido de seja incentivada a pr\u00e1tica da agricultura irrigada no munic\u00edpio de Jupi\/PE, nas proximidades das barragens comunit\u00e1rias e demais \u00e1reas com capacidade h\u00eddrica suficiente, em parceria <a class=\"leiamais\" href=\"https:\/\/jupi.pe.leg.br\/v3\/requerimento-169-2021\/\">VER MAIS <i class=\"fa-solid fa-chevron-right\"><\/i><\/a><\/p>\n","protected":false},"author":2,"featured_media":0,"comment_status":"open","ping_status":"open","sticky":false,"template":"","format":"standard","meta":{"_acf_changed":false,"footnotes":""},"categories":[26,5],"tags":[],"class_list":["post-1754","post","type-post","status-publish","format-standard","hentry","category-fabio-da-raposa","category-vereadores","active"],"acf":[],"_links":{"self":[{"href":"https:\/\/jupi.pe.leg.br\/v3\/wp-json\/wp\/v2\/posts\/1754","targetHints":{"allow":["GET"]}}],"collection":[{"href":"https:\/\/jupi.pe.leg.br\/v3\/wp-json\/wp\/v2\/posts"}],"about":[{"href":"https:\/\/jupi.pe.leg.br\/v3\/wp-json\/wp\/v2\/types\/post"}],"author":[{"embeddable":true,"href":"https:\/\/jupi.pe.leg.br\/v3\/wp-json\/wp\/v2\/users\/2"}],"replies":[{"embeddable":true,"href":"https:\/\/jupi.pe.leg.br\/v3\/wp-json\/wp\/v2\/comments?post=1754"}],"version-history":[{"count":0,"href":"https:\/\/jupi.pe.leg.br\/v3\/wp-json\/wp\/v2\/posts\/1754\/revisions"}],"wp:attachment":[{"href":"https:\/\/jupi.pe.leg.br\/v3\/wp-json\/wp\/v2\/media?parent=1754"}],"wp:term":[{"taxonomy":"category","embeddable":true,"href":"https:\/\/jupi.pe.leg.br\/v3\/wp-json\/wp\/v2\/categories?post=1754"},{"taxonomy":"post_tag","embeddable":true,"href":"https:\/\/jupi.pe.leg.br\/v3\/wp-json\/wp\/v2\/tags?post=1754"}],"curies":[{"name":"wp","href":"https:\/\/api.w.org\/{rel}","templated":true}]}}