{"id":1751,"date":"2021-07-13T16:39:16","date_gmt":"2021-07-13T19:39:16","guid":{"rendered":"https:\/\/jupi.pe.leg.br\/v3\/?p=1751"},"modified":"2023-07-13T16:40:08","modified_gmt":"2023-07-13T19:40:08","slug":"requerimento-168-2021","status":"publish","type":"post","link":"https:\/\/jupi.pe.leg.br\/v3\/requerimento-168-2021\/","title":{"rendered":"Requerimento 168\/2021"},"content":{"rendered":"<p>Requeiro ao Exm\u00ba. Prefeito deste munic\u00edpio, Sr_ Ant\u00f4nio Marcos Patriota, por interm\u00e9dio da Diretora Municipal do Meio Ambiente, veemente apelo, no sentido de junto aos \u00f3rg\u00e3os competentes como: IBAMA &#8211; Instituto Brasileiro do Meio Ambiente, Policia Ambiental e Corpo de Bombeiros, tomar as devidas provid\u00eancias para captura de poss\u00edveis jacar\u00e9s existentes na barragem p\u00fablica do Povoado Santa Rita deste munic\u00edpio, com o objetivo de que sejam levados ao seu habitat natural.<\/p>\n","protected":false},"excerpt":{"rendered":"<p>Requeiro ao Exm\u00ba. Prefeito deste munic\u00edpio, Sr_ Ant\u00f4nio Marcos Patriota, por interm\u00e9dio da Diretora Municipal do Meio Ambiente, veemente apelo, no sentido de junto aos \u00f3rg\u00e3os competentes como: IBAMA &#8211; Instituto Brasileiro do Meio Ambiente, Policia Ambiental e Corpo de <a class=\"leiamais\" href=\"https:\/\/jupi.pe.leg.br\/v3\/requerimento-168-2021\/\">VER MAIS <i class=\"fa-solid fa-chevron-right\"><\/i><\/a><\/p>\n","protected":false},"author":2,"featured_media":0,"comment_status":"open","ping_status":"open","sticky":false,"template":"","format":"standard","meta":{"_acf_changed":false,"footnotes":""},"categories":[26,5],"tags":[],"class_list":["post-1751","post","type-post","status-publish","format-standard","hentry","category-fabio-da-raposa","category-vereadores","active"],"acf":[],"_links":{"self":[{"href":"https:\/\/jupi.pe.leg.br\/v3\/wp-json\/wp\/v2\/posts\/1751","targetHints":{"allow":["GET"]}}],"collection":[{"href":"https:\/\/jupi.pe.leg.br\/v3\/wp-json\/wp\/v2\/posts"}],"about":[{"href":"https:\/\/jupi.pe.leg.br\/v3\/wp-json\/wp\/v2\/types\/post"}],"author":[{"embeddable":true,"href":"https:\/\/jupi.pe.leg.br\/v3\/wp-json\/wp\/v2\/users\/2"}],"replies":[{"embeddable":true,"href":"https:\/\/jupi.pe.leg.br\/v3\/wp-json\/wp\/v2\/comments?post=1751"}],"version-history":[{"count":0,"href":"https:\/\/jupi.pe.leg.br\/v3\/wp-json\/wp\/v2\/posts\/1751\/revisions"}],"wp:attachment":[{"href":"https:\/\/jupi.pe.leg.br\/v3\/wp-json\/wp\/v2\/media?parent=1751"}],"wp:term":[{"taxonomy":"category","embeddable":true,"href":"https:\/\/jupi.pe.leg.br\/v3\/wp-json\/wp\/v2\/categories?post=1751"},{"taxonomy":"post_tag","embeddable":true,"href":"https:\/\/jupi.pe.leg.br\/v3\/wp-json\/wp\/v2\/tags?post=1751"}],"curies":[{"name":"wp","href":"https:\/\/api.w.org\/{rel}","templated":true}]}}