{"id":1745,"date":"2021-07-13T16:37:08","date_gmt":"2021-07-13T19:37:08","guid":{"rendered":"https:\/\/jupi.pe.leg.br\/v3\/?p=1745"},"modified":"2023-07-13T16:38:11","modified_gmt":"2023-07-13T19:38:11","slug":"requerimento-132-2021","status":"publish","type":"post","link":"https:\/\/jupi.pe.leg.br\/v3\/requerimento-132-2021\/","title":{"rendered":"Requerimento 132\/2021"},"content":{"rendered":"<p>Requeiro ao Exm\u00ba. Prefeito deste munic\u00edpio, Sr. Ant\u00f4nio Marcos Patriota, por interm\u00e9dio da secretaria competente, veemente apelo, no sentido de que sejam atendido os seguintes pleitos neste munic\u00edpio:<br \/>\n&#8211; Constru\u00e7\u00e3o de uma pra\u00e7a em frente \u00e0 Igreja Santo Ant\u00f4nio do S\u00edtio Pau Ferro;<br \/>\n&#8211; Recupera\u00e7\u00e3o e amplia\u00e7\u00e3o da pra\u00e7a da Igreja S\u00e3o Miguel Arcanjo do S\u00edtio Raposa.<\/p>\n","protected":false},"excerpt":{"rendered":"<p>Requeiro ao Exm\u00ba. Prefeito deste munic\u00edpio, Sr. Ant\u00f4nio Marcos Patriota, por interm\u00e9dio da secretaria competente, veemente apelo, no sentido de que sejam atendido os seguintes pleitos neste munic\u00edpio: &#8211; Constru\u00e7\u00e3o de uma pra\u00e7a em frente \u00e0 Igreja Santo Ant\u00f4nio do <a class=\"leiamais\" href=\"https:\/\/jupi.pe.leg.br\/v3\/requerimento-132-2021\/\">VER MAIS <i class=\"fa-solid fa-chevron-right\"><\/i><\/a><\/p>\n","protected":false},"author":2,"featured_media":0,"comment_status":"open","ping_status":"open","sticky":false,"template":"","format":"standard","meta":{"_acf_changed":false,"footnotes":""},"categories":[26,5],"tags":[],"class_list":["post-1745","post","type-post","status-publish","format-standard","hentry","category-fabio-da-raposa","category-vereadores","active"],"acf":[],"_links":{"self":[{"href":"https:\/\/jupi.pe.leg.br\/v3\/wp-json\/wp\/v2\/posts\/1745","targetHints":{"allow":["GET"]}}],"collection":[{"href":"https:\/\/jupi.pe.leg.br\/v3\/wp-json\/wp\/v2\/posts"}],"about":[{"href":"https:\/\/jupi.pe.leg.br\/v3\/wp-json\/wp\/v2\/types\/post"}],"author":[{"embeddable":true,"href":"https:\/\/jupi.pe.leg.br\/v3\/wp-json\/wp\/v2\/users\/2"}],"replies":[{"embeddable":true,"href":"https:\/\/jupi.pe.leg.br\/v3\/wp-json\/wp\/v2\/comments?post=1745"}],"version-history":[{"count":0,"href":"https:\/\/jupi.pe.leg.br\/v3\/wp-json\/wp\/v2\/posts\/1745\/revisions"}],"wp:attachment":[{"href":"https:\/\/jupi.pe.leg.br\/v3\/wp-json\/wp\/v2\/media?parent=1745"}],"wp:term":[{"taxonomy":"category","embeddable":true,"href":"https:\/\/jupi.pe.leg.br\/v3\/wp-json\/wp\/v2\/categories?post=1745"},{"taxonomy":"post_tag","embeddable":true,"href":"https:\/\/jupi.pe.leg.br\/v3\/wp-json\/wp\/v2\/tags?post=1745"}],"curies":[{"name":"wp","href":"https:\/\/api.w.org\/{rel}","templated":true}]}}