{"id":1688,"date":"2021-07-13T16:03:14","date_gmt":"2021-07-13T19:03:14","guid":{"rendered":"https:\/\/jupi.pe.leg.br\/v3\/?p=1688"},"modified":"2023-07-13T16:04:25","modified_gmt":"2023-07-13T19:04:25","slug":"requerimento-212-2021","status":"publish","type":"post","link":"https:\/\/jupi.pe.leg.br\/v3\/requerimento-212-2021\/","title":{"rendered":"Requerimento 212\/2021"},"content":{"rendered":"<p>Requeiro ao Sr. Prefeito deste munic\u00edpio atrav\u00e9s da Secretaria competente, empenho no sentido de viabilizar que seja inclu\u00eddo no Calend\u00e1rio de Eventos do Munic\u00edpio o passeio cicl\u00edstico anual do Pedal.<\/p>\n","protected":false},"excerpt":{"rendered":"<p>Requeiro ao Sr. Prefeito deste munic\u00edpio atrav\u00e9s da Secretaria competente, empenho no sentido de viabilizar que seja inclu\u00eddo no Calend\u00e1rio de Eventos do Munic\u00edpio o passeio cicl\u00edstico anual do Pedal.<\/p>\n","protected":false},"author":2,"featured_media":0,"comment_status":"open","ping_status":"open","sticky":false,"template":"","format":"standard","meta":{"_acf_changed":false,"footnotes":""},"categories":[27,5],"tags":[],"class_list":["post-1688","post","type-post","status-publish","format-standard","hentry","category-ricardo","category-vereadores","active"],"acf":[],"_links":{"self":[{"href":"https:\/\/jupi.pe.leg.br\/v3\/wp-json\/wp\/v2\/posts\/1688","targetHints":{"allow":["GET"]}}],"collection":[{"href":"https:\/\/jupi.pe.leg.br\/v3\/wp-json\/wp\/v2\/posts"}],"about":[{"href":"https:\/\/jupi.pe.leg.br\/v3\/wp-json\/wp\/v2\/types\/post"}],"author":[{"embeddable":true,"href":"https:\/\/jupi.pe.leg.br\/v3\/wp-json\/wp\/v2\/users\/2"}],"replies":[{"embeddable":true,"href":"https:\/\/jupi.pe.leg.br\/v3\/wp-json\/wp\/v2\/comments?post=1688"}],"version-history":[{"count":0,"href":"https:\/\/jupi.pe.leg.br\/v3\/wp-json\/wp\/v2\/posts\/1688\/revisions"}],"wp:attachment":[{"href":"https:\/\/jupi.pe.leg.br\/v3\/wp-json\/wp\/v2\/media?parent=1688"}],"wp:term":[{"taxonomy":"category","embeddable":true,"href":"https:\/\/jupi.pe.leg.br\/v3\/wp-json\/wp\/v2\/categories?post=1688"},{"taxonomy":"post_tag","embeddable":true,"href":"https:\/\/jupi.pe.leg.br\/v3\/wp-json\/wp\/v2\/tags?post=1688"}],"curies":[{"name":"wp","href":"https:\/\/api.w.org\/{rel}","templated":true}]}}