{"id":1664,"date":"2021-07-13T15:50:25","date_gmt":"2021-07-13T18:50:25","guid":{"rendered":"https:\/\/jupi.pe.leg.br\/v3\/?p=1664"},"modified":"2023-07-13T15:51:55","modified_gmt":"2023-07-13T18:51:55","slug":"requerimento-190-2021","status":"publish","type":"post","link":"https:\/\/jupi.pe.leg.br\/v3\/requerimento-190-2021\/","title":{"rendered":"Requerimento 190\/2021"},"content":{"rendered":"<p>Requeiro ao Exm\u00ba. Prefeito, Sr. Ant\u00f4nio Marcos Patriota, por interm\u00e9dio da secretaria competente, veemente apelo, para a cria\u00e7\u00e3o de um Projeto Bikes Compartilhadas, no sentido de que o munic\u00edpio possa disponibilizar atrav\u00e9s de um cadastro, uma bicicleta aos jovens e demais pessoas que n\u00e3o disp\u00f5em desse equipamento para a pr\u00e1tica esportiva do ciclismo. O modelo do projeto poder\u00e1 ser nos moldes do &#8220;Projeto do Banco lta\u00fa&#8221; com as Bikes Sustent\u00e1veis, que possibilita a utiliza\u00e7\u00e3o por qualquer cidad\u00e3o(\u00e3).<\/p>\n","protected":false},"excerpt":{"rendered":"<p>Requeiro ao Exm\u00ba. Prefeito, Sr. Ant\u00f4nio Marcos Patriota, por interm\u00e9dio da secretaria competente, veemente apelo, para a cria\u00e7\u00e3o de um Projeto Bikes Compartilhadas, no sentido de que o munic\u00edpio possa disponibilizar atrav\u00e9s de um cadastro, uma bicicleta aos jovens e <a class=\"leiamais\" href=\"https:\/\/jupi.pe.leg.br\/v3\/requerimento-190-2021\/\">VER MAIS <i class=\"fa-solid fa-chevron-right\"><\/i><\/a><\/p>\n","protected":false},"author":2,"featured_media":0,"comment_status":"open","ping_status":"open","sticky":false,"template":"","format":"standard","meta":{"_acf_changed":false,"footnotes":""},"categories":[27,5],"tags":[],"class_list":["post-1664","post","type-post","status-publish","format-standard","hentry","category-ricardo","category-vereadores","active"],"acf":[],"_links":{"self":[{"href":"https:\/\/jupi.pe.leg.br\/v3\/wp-json\/wp\/v2\/posts\/1664","targetHints":{"allow":["GET"]}}],"collection":[{"href":"https:\/\/jupi.pe.leg.br\/v3\/wp-json\/wp\/v2\/posts"}],"about":[{"href":"https:\/\/jupi.pe.leg.br\/v3\/wp-json\/wp\/v2\/types\/post"}],"author":[{"embeddable":true,"href":"https:\/\/jupi.pe.leg.br\/v3\/wp-json\/wp\/v2\/users\/2"}],"replies":[{"embeddable":true,"href":"https:\/\/jupi.pe.leg.br\/v3\/wp-json\/wp\/v2\/comments?post=1664"}],"version-history":[{"count":0,"href":"https:\/\/jupi.pe.leg.br\/v3\/wp-json\/wp\/v2\/posts\/1664\/revisions"}],"wp:attachment":[{"href":"https:\/\/jupi.pe.leg.br\/v3\/wp-json\/wp\/v2\/media?parent=1664"}],"wp:term":[{"taxonomy":"category","embeddable":true,"href":"https:\/\/jupi.pe.leg.br\/v3\/wp-json\/wp\/v2\/categories?post=1664"},{"taxonomy":"post_tag","embeddable":true,"href":"https:\/\/jupi.pe.leg.br\/v3\/wp-json\/wp\/v2\/tags?post=1664"}],"curies":[{"name":"wp","href":"https:\/\/api.w.org\/{rel}","templated":true}]}}