{"id":1661,"date":"2021-07-13T15:48:31","date_gmt":"2021-07-13T18:48:31","guid":{"rendered":"https:\/\/jupi.pe.leg.br\/v3\/?p=1661"},"modified":"2023-07-13T15:50:15","modified_gmt":"2023-07-13T18:50:15","slug":"requerimento-184-2021","status":"publish","type":"post","link":"https:\/\/jupi.pe.leg.br\/v3\/requerimento-184-2021\/","title":{"rendered":"Requerimento 184\/2021"},"content":{"rendered":"<p>Requeiro ao Exm\u00ba. Prefeito, Sr. Ant\u00f4nio Marcos Patriota, por interm\u00e9dio da secretaria competente, veemente apelo, no sentido de realizar a complementa\u00e7\u00e3o ou constru\u00e7\u00e3o dos saneamentos e pavimenta\u00e7\u00f5es asf\u00e1lt\u00edca ou com paralelep\u00edpedo nas vias p\u00fablicas, abaixo relacionadas:<br \/>\n&#8211; Rua Jos\u00e9 de Souza Zumba e a Travessa por tr\u00e3s da Panificadora do Sr. Jo\u00e3o Magro, que interliga a Rua Jos\u00e9 Liberato de Oliveira;<br \/>\n&#8211; Continua\u00e7\u00e3o da Rua Professora Vera L\u00facia Soares de Carvalho, que d\u00e3 acesso ao Loteamento Nossa Senhora Aparecida e demais ruas projetadas no citado loteamento;<\/p>\n","protected":false},"excerpt":{"rendered":"<p>Requeiro ao Exm\u00ba. Prefeito, Sr. Ant\u00f4nio Marcos Patriota, por interm\u00e9dio da secretaria competente, veemente apelo, no sentido de realizar a complementa\u00e7\u00e3o ou constru\u00e7\u00e3o dos saneamentos e pavimenta\u00e7\u00f5es asf\u00e1lt\u00edca ou com paralelep\u00edpedo nas vias p\u00fablicas, abaixo relacionadas: &#8211; Rua Jos\u00e9 de <a class=\"leiamais\" href=\"https:\/\/jupi.pe.leg.br\/v3\/requerimento-184-2021\/\">VER MAIS <i class=\"fa-solid fa-chevron-right\"><\/i><\/a><\/p>\n","protected":false},"author":2,"featured_media":0,"comment_status":"open","ping_status":"open","sticky":false,"template":"","format":"standard","meta":{"_acf_changed":false,"footnotes":""},"categories":[27,5],"tags":[],"class_list":["post-1661","post","type-post","status-publish","format-standard","hentry","category-ricardo","category-vereadores","active"],"acf":[],"_links":{"self":[{"href":"https:\/\/jupi.pe.leg.br\/v3\/wp-json\/wp\/v2\/posts\/1661","targetHints":{"allow":["GET"]}}],"collection":[{"href":"https:\/\/jupi.pe.leg.br\/v3\/wp-json\/wp\/v2\/posts"}],"about":[{"href":"https:\/\/jupi.pe.leg.br\/v3\/wp-json\/wp\/v2\/types\/post"}],"author":[{"embeddable":true,"href":"https:\/\/jupi.pe.leg.br\/v3\/wp-json\/wp\/v2\/users\/2"}],"replies":[{"embeddable":true,"href":"https:\/\/jupi.pe.leg.br\/v3\/wp-json\/wp\/v2\/comments?post=1661"}],"version-history":[{"count":0,"href":"https:\/\/jupi.pe.leg.br\/v3\/wp-json\/wp\/v2\/posts\/1661\/revisions"}],"wp:attachment":[{"href":"https:\/\/jupi.pe.leg.br\/v3\/wp-json\/wp\/v2\/media?parent=1661"}],"wp:term":[{"taxonomy":"category","embeddable":true,"href":"https:\/\/jupi.pe.leg.br\/v3\/wp-json\/wp\/v2\/categories?post=1661"},{"taxonomy":"post_tag","embeddable":true,"href":"https:\/\/jupi.pe.leg.br\/v3\/wp-json\/wp\/v2\/tags?post=1661"}],"curies":[{"name":"wp","href":"https:\/\/api.w.org\/{rel}","templated":true}]}}