{"id":1657,"date":"2021-07-13T15:46:02","date_gmt":"2021-07-13T18:46:02","guid":{"rendered":"https:\/\/jupi.pe.leg.br\/v3\/?p=1657"},"modified":"2023-07-13T15:48:17","modified_gmt":"2023-07-13T18:48:17","slug":"requerimento-183-2021","status":"publish","type":"post","link":"https:\/\/jupi.pe.leg.br\/v3\/requerimento-183-2021\/","title":{"rendered":"Requerimento 183\/2021"},"content":{"rendered":"<p>Requeiro ao Exm\u00ba. Prefeito, Sr. Ant\u00f4nio Marcos Patriota, por interm\u00e9dio da secretaria competente, veemente apelo, no sentido de criar Programa de CNH (Carteira Nacional de Habilita\u00e7\u00e3o) Cidad\u00e3 Municipal direcionado as fam\u00edlias em situa\u00e7\u00e3o de vulnerabilidade social, agricultores(as) familiares enquadrados na DAP (Declara\u00e7\u00e3o de Aptid\u00e3o ao PRONAF), de modo exclusivo ao &#8220;Pronaf B&#8217; e moto taxistas, para que possam obter a referida Carteira com baixo custo e desenvolver suas atividades devidamente certificados conforme requer a legisla\u00e7\u00e3o vigente.<\/p>\n","protected":false},"excerpt":{"rendered":"<p>Requeiro ao Exm\u00ba. Prefeito, Sr. Ant\u00f4nio Marcos Patriota, por interm\u00e9dio da secretaria competente, veemente apelo, no sentido de criar Programa de CNH (Carteira Nacional de Habilita\u00e7\u00e3o) Cidad\u00e3 Municipal direcionado as fam\u00edlias em situa\u00e7\u00e3o de vulnerabilidade social, agricultores(as) familiares enquadrados na <a class=\"leiamais\" href=\"https:\/\/jupi.pe.leg.br\/v3\/requerimento-183-2021\/\">VER MAIS <i class=\"fa-solid fa-chevron-right\"><\/i><\/a><\/p>\n","protected":false},"author":2,"featured_media":0,"comment_status":"open","ping_status":"open","sticky":false,"template":"","format":"standard","meta":{"_acf_changed":false,"footnotes":""},"categories":[27,5],"tags":[],"class_list":["post-1657","post","type-post","status-publish","format-standard","hentry","category-ricardo","category-vereadores","active"],"acf":[],"_links":{"self":[{"href":"https:\/\/jupi.pe.leg.br\/v3\/wp-json\/wp\/v2\/posts\/1657","targetHints":{"allow":["GET"]}}],"collection":[{"href":"https:\/\/jupi.pe.leg.br\/v3\/wp-json\/wp\/v2\/posts"}],"about":[{"href":"https:\/\/jupi.pe.leg.br\/v3\/wp-json\/wp\/v2\/types\/post"}],"author":[{"embeddable":true,"href":"https:\/\/jupi.pe.leg.br\/v3\/wp-json\/wp\/v2\/users\/2"}],"replies":[{"embeddable":true,"href":"https:\/\/jupi.pe.leg.br\/v3\/wp-json\/wp\/v2\/comments?post=1657"}],"version-history":[{"count":0,"href":"https:\/\/jupi.pe.leg.br\/v3\/wp-json\/wp\/v2\/posts\/1657\/revisions"}],"wp:attachment":[{"href":"https:\/\/jupi.pe.leg.br\/v3\/wp-json\/wp\/v2\/media?parent=1657"}],"wp:term":[{"taxonomy":"category","embeddable":true,"href":"https:\/\/jupi.pe.leg.br\/v3\/wp-json\/wp\/v2\/categories?post=1657"},{"taxonomy":"post_tag","embeddable":true,"href":"https:\/\/jupi.pe.leg.br\/v3\/wp-json\/wp\/v2\/tags?post=1657"}],"curies":[{"name":"wp","href":"https:\/\/api.w.org\/{rel}","templated":true}]}}